{"id":3221,"date":"2012-01-09T22:10:58","date_gmt":"2012-01-09T20:10:58","guid":{"rendered":"https:\/\/www.camp4.de\/blog\/?p=3221"},"modified":"2024-06-26T14:11:00","modified_gmt":"2024-06-26T12:11:00","slug":"europa-gusstaaten-spanien-jens","status":"publish","type":"post","link":"https:\/\/www.camp4.de\/blog\/reiseberichte\/europa-gusstaaten-spanien-jens\/","title":{"rendered":"Wandern unter Europas sternenklarstem Himmel"},"content":{"rendered":"<div class=\"fusion-fullwidth fullwidth-box fusion-builder-row-1 fusion-flex-container nonhundred-percent-fullwidth non-hundred-percent-height-scrolling\" style=\"--awb-border-radius-top-left:0px;--awb-border-radius-top-right:0px;--awb-border-radius-bottom-right:0px;--awb-border-radius-bottom-left:0px;--awb-flex-wrap:wrap;\" ><div class=\"fusion-builder-row fusion-row fusion-flex-align-items-flex-start fusion-flex-content-wrap\" style=\"max-width:1248px;margin-left: calc(-4% \/ 2 );margin-right: calc(-4% \/ 2 );\"><div class=\"fusion-layout-column fusion_builder_column fusion-builder-column-0 fusion_builder_column_1_1 1_1 fusion-flex-column\" style=\"--awb-bg-size:cover;--awb-width-large:100%;--awb-margin-top-large:0px;--awb-spacing-right-large:1.92%;--awb-margin-bottom-large:0px;--awb-spacing-left-large:1.92%;--awb-width-medium:100%;--awb-spacing-right-medium:1.92%;--awb-spacing-left-medium:1.92%;--awb-width-small:100%;--awb-spacing-right-small:1.92%;--awb-spacing-left-small:1.92%;\"><div class=\"fusion-column-wrapper fusion-flex-justify-content-flex-start fusion-content-layout-column\"><div class=\"fusion-text fusion-text-1\"><p><strong>Meine Tour<\/strong><br \/>\nEnde Mai 2002: Wir hatten uns wieder ein kleines H\u00e4uschen und ein Auto gemietet, da man so die Insel am besten erkunden kann. Wir unternahmen diesmal die Wanderung zu H\u00f6hlen der Altkanarier<!--more-->, zu einer Schmugglerbucht, auf den Pico Bejenado (1854 m), 2 Tage in der Caldera de Taburiente und in 2 Tagen die gro\u00dfe Caldera-Rundwanderung \u00fcber 7 Gipfel.<\/p>\n<p><strong>Warum LA PALMA<\/strong><br \/>\nAufmerksam wurden wir auf die \u201egr\u00fcnste der Kanarischen Inseln\u201c durch einen Bekannten, der sie als Wanderparadies, mit einem tollen Gebirgszug (teilt die Insel), imposanten Vulkan- gebieten und einer immer sonnigen Seite beschrieb. Die Insel ist ideal f\u00fcr Wanderungen durch eine einzigartige, abwechslungsreiche Natur und f\u00fcr gelegentliches Baden. Abends kann man bei einer Flasche Wein die Seele baumeln zu lassen.<\/p>\n<p><strong>Was Sie schon immer \u00fcber LA PALMA wissen wollten&#8230;<\/strong><br \/>\n<strong>Sollte man lieber die Ost- oder die Westseite bereisen?<\/strong><br \/>\nDa die Westseite das ganze Jahr \u00fcber sonnig und warm ist, empfiehlt es sich, dort eine Finca zu mieten. Bei Wanderungen auf dieser Seite gibt es fast immer tollen Ausblicke, das Baden ist angenehmer und abends kann man es sich ohne Wolken zum Sonnenuntergang gem\u00fctlich machen. Bei Wanderungen oder einem Hauptstadtbummel auf der Ostseite kann es k\u00fchl und wolkenverhangen werden und manchmal regnen. Dadurch wachsen allerdings viele Pflanzen und die Wanderungen f\u00fchren staubfrei durch \u00fcppiges Gr\u00fcn!<\/p>\n<p><strong>Rucksackreise oder Massentourismus?<\/strong><br \/>\nLa Palma l\u00e4sst sich durchaus mit Rucksack bereisen &#8211; die \u00f6ffentlichen Busverbindungen sind besser geworden und auch trampen ist eigentlich kein Problem. Unterk\u00fcnfte gibt es \u00fcberall, aber nicht immer in allen Klassen. Es gibt viele (oft kostenlose) Zeltpl\u00e4tze, f\u00fcr die man sich allerdings vorher eine Genehmigung erteilen lassen mu\u00df. Der Massentourismus hat bislang nur dezent Einzug gehalten, da die Insel keine wei\u00dfen Traumbadestr\u00e4nde mit Palmen hat.<\/p>\n<p><strong>\u00dcbernachtung \u2013 aber wo?<\/strong><br \/>\nUnser Favorit sind H\u00e4uschen aus dem Tourismo-rural-Projekt. Alte kanarische Landh\u00e4user wurden hier in landschaftlich sch\u00f6ner Gegend restauriert (alle Preiskategorien). Die Reservierung geht ohne Probleme von Deutschland aus (z.B. Elke Janke Reisen in Berlin, Tel.: 030\/ 47 43 997).<\/p>\n<p><strong>Ist ein Mietwagen empfehlenswert?<\/strong><br \/>\nWir sagen: unbedingt! F\u00fcr die meisten Wanderungen braucht man ein Auto, um an die Ausgangspunkte zu gelangen. Gel\u00e4ndeg\u00e4ngige Fahrzeuge sind dabei nicht zwingend notwendig. F\u00fcr extreme Touren (Anfahrt zur Casa del Monte bei der Tunnelwanderung s. u.) lohnt es sich allerdings, f\u00fcr eine Tag ein gel\u00e4ndeg\u00e4ngiges Fahrzeug anzumieten. Man kann Geld sparen, indem man sein Auto einfach f\u00fcr eine Tag eintauscht und so nur den Differenzmietbetrag zahlt. Wenn man das Auto bereits in Deutschland mietet, steht es schon am Flughafen bereit und ist trotzdem nicht teurer als ein auf der Insel gemieterer Wagen.<\/p>\n<p><strong>Kann man baden gehen?<\/strong><br \/>\nKlar! Zwar ist La Palma eine Wanderinsel, aber es gibt trotzdem nette Str\u00e4nde auf der Westseite und an der S\u00fcdspitze mit feinem schwarzen Sand. Auf der Ostseite sind Naturmeeresbecken entstanden, die man einfach ausprobieren muss. Es gibt einen FKK-Strand (Playa las Monjas), der sehr sch\u00f6n ist, aber zunehmend beliebter wird (sehr voll). Toll baden kann man auch in den &#8222;Gumpen&#8220; (gro\u00dfe Wasserl\u00f6cher), die durch den Gebirgsbach in der Playa de Taburiente entstanden sind \u2013 ein prickelndes Vergn\u00fcgen und ganz einsam, da man etwas kraxeln muss!<\/p>\n<p><strong>Caldera de Taburiente \u2013 was hat es damit auf sich?<\/strong><br \/>\nDie C.d.T. ist der Ursprungsvulkan, aus dem die Insel entstand. Er brach dann sp\u00e4ter zusammen und bildete so einen tiefen Kessel. Die C.d.T. bietet diverse Vegetationsformen, Wasserf\u00e4lle und ist ein Nationalpark. Dort ist auch die h\u00f6chste Erhebung der Insel mit 2426 m (Roque de los Muchachos). Im Kessel befindet sich ein sch\u00f6ner Zeltplatz und der prickelnde Gebirgsbach. Deshalb ist die C.d.T. ein Muss f\u00fcr jeden Besucher und ein Traum f\u00fcr jeden Wanderfreak.<\/p>\n<p><strong>Die gro\u00dfe Caldera-Rundwanderung \u2013 Traum oder Albtraum?<\/strong><br \/>\nWeder noch! Die Rundwanderung f\u00fchrt \u00fcber 7 Gipfel und bietet den sternenklarsten Himmel Europas. Sie dauert mindestens zwei Tage und man steigt von 600\/700 m bis 2400m hoch, fast nur \u00fcber loses Vulkangestein. Die Sonne brennt (Kopfschutz und Sonnenmilch!!!) und es gibt nur eine Stelle zum Wasserauff\u00fcllen (Roque de la muchachos!!). Deshalb muss man viel Wasser mitnehmen (mindestens 2 l p.P.\/Tag). Dazu noch Proviant, Isomatte und einen Schlafsack. Ein Zelt ist nicht notwendig, da es auf einigen Bergen gesch\u00fctzte Felsnischen gibt (Pico del la Cruz). Wichtig ist es, den Wetterbericht zu schauen (gerade den Wintermonaten) &#8211; sonst kann es sein, dass man den Aufstieg im Nebel absolviert. Die Bergroute liegt zum gr\u00f6\u00dften Teil \u00fcber der Wolkengrenze, so dass hier fast immer mit strahlendem Sonneschein zu rechnen ist. Wenn man dann mit all seinem Gep\u00e4ck auf dem Kamm rundwandert, f\u00e4llt einem auf, dass die Ausblicke sich sehr \u00e4hneln und der n\u00f6rdliche, landschaftlich karge und staubige Bogen auch noch von einer Asphaltstra\u00dfe begleitet wird, die die \u201eAutowanderer\u201c zu den Aussichtspunkten bringt! Sp\u00e4testens dann wird klar, dass es lohnender ist, die sch\u00f6nsten Abschnitte als Tageswanderung zu planen, so wie sie in den meisten Wanderf\u00fchrern auch beschrieben sind.<\/p>\n<p><strong>Die Top-6-Wanderungen<\/strong><br \/>\n&#8211; abenteuerliche Tour durch Wasserkanal-Tunnels (Startpunkt: Casa del Monte)<br \/>\n&#8211; in die Caldera zum Zeltplatz (Startpunkt: Los Bresitos)<br \/>\n&#8211; zum Schmugglerhafen von Tijarafe<br \/>\n&#8211; die gro\u00dfe Vulkanroute<br \/>\n&#8211; vom Pico del Nieve bis zur Punta de los Roques<br \/>\n&#8211; malerische Schluchtenwanderung in der N\u00e4he des Dorfes El Tablado<\/p>\n<\/div><div class=\"awb-gallery-wrapper awb-gallery-wrapper-1 button-span-no\" style=\"--more-btn-alignment:center;\"><div style=\"margin:-5px;--awb-bordersize:0px;\" class=\"fusion-gallery fusion-gallery-container fusion-grid-3 fusion-columns-total-7 fusion-gallery-layout-grid fusion-gallery-1\"><div style=\"padding:5px;\" class=\"fusion-grid-column fusion-gallery-column fusion-gallery-column-3 hover-type-zoomin\"><div class=\"fusion-gallery-image\"><a href=\"https:\/\/www.camp4.de\/blog\/wp-content\/uploads\/2012\/01\/spanienjens1.jpg\" rel=\"noreferrer\" data-rel=\"iLightbox[gallery_image_1]\" class=\"fusion-lightbox\" target=\"_self\"><img decoding=\"async\" src=\"https:\/\/www.camp4.de\/blog\/wp-content\/uploads\/2012\/01\/spanienjens1.jpg\" data-orig-src=\"https:\/\/www.camp4.de\/blog\/wp-content\/uploads\/2012\/01\/spanienjens1.jpg\" width=\"580\" height=\"420\" alt=\"\" title=\"spanienjens1\" aria-label=\"spanienjens1\" class=\"lazyload img-responsive wp-image-29039\" srcset=\"data:image\/svg+xml,%3Csvg%20xmlns%3D%27http%3A%2F%2Fwww.w3.org%2F2000%2Fsvg%27%20width%3D%27580%27%20height%3D%27420%27%20viewBox%3D%270%200%20580%20420%27%3E%3Crect%20width%3D%27580%27%20height%3D%27420%27%20fill-opacity%3D%220%22%2F%3E%3C%2Fsvg%3E\" data-srcset=\"https:\/\/www.camp4.de\/blog\/wp-content\/uploads\/2012\/01\/spanienjens1-200x145.jpg 200w, https:\/\/www.camp4.de\/blog\/wp-content\/uploads\/2012\/01\/spanienjens1-400x290.jpg 400w, https:\/\/www.camp4.de\/blog\/wp-content\/uploads\/2012\/01\/spanienjens1.jpg 580w\" data-sizes=\"auto\" data-orig-sizes=\"(min-width: 2200px) 100vw, (min-width: 784px) 397px, (min-width: 712px) 595px, (min-width: 640px) 712px, \" \/><\/a><\/div><\/div><div style=\"padding:5px;\" class=\"fusion-grid-column fusion-gallery-column fusion-gallery-column-3 hover-type-zoomin\"><div class=\"fusion-gallery-image\"><a href=\"https:\/\/www.camp4.de\/blog\/wp-content\/uploads\/2012\/01\/spanienjens2.jpg\" rel=\"noreferrer\" data-rel=\"iLightbox[gallery_image_1]\" class=\"fusion-lightbox\" target=\"_self\"><img decoding=\"async\" src=\"https:\/\/www.camp4.de\/blog\/wp-content\/uploads\/2012\/01\/spanienjens2.jpg\" data-orig-src=\"https:\/\/www.camp4.de\/blog\/wp-content\/uploads\/2012\/01\/spanienjens2.jpg\" width=\"580\" height=\"420\" alt=\"\" title=\"spanienjens2\" aria-label=\"spanienjens2\" class=\"lazyload img-responsive wp-image-29040\" srcset=\"data:image\/svg+xml,%3Csvg%20xmlns%3D%27http%3A%2F%2Fwww.w3.org%2F2000%2Fsvg%27%20width%3D%27580%27%20height%3D%27420%27%20viewBox%3D%270%200%20580%20420%27%3E%3Crect%20width%3D%27580%27%20height%3D%27420%27%20fill-opacity%3D%220%22%2F%3E%3C%2Fsvg%3E\" data-srcset=\"https:\/\/www.camp4.de\/blog\/wp-content\/uploads\/2012\/01\/spanienjens2-200x145.jpg 200w, https:\/\/www.camp4.de\/blog\/wp-content\/uploads\/2012\/01\/spanienjens2-400x290.jpg 400w, https:\/\/www.camp4.de\/blog\/wp-content\/uploads\/2012\/01\/spanienjens2.jpg 580w\" data-sizes=\"auto\" data-orig-sizes=\"(min-width: 2200px) 100vw, (min-width: 784px) 397px, (min-width: 712px) 595px, (min-width: 640px) 712px, \" \/><\/a><\/div><\/div><div style=\"padding:5px;\" class=\"fusion-grid-column fusion-gallery-column fusion-gallery-column-3 hover-type-zoomin\"><div class=\"fusion-gallery-image\"><a href=\"https:\/\/www.camp4.de\/blog\/wp-content\/uploads\/2012\/01\/spanienjens3.jpg\" rel=\"noreferrer\" data-rel=\"iLightbox[gallery_image_1]\" class=\"fusion-lightbox\" target=\"_self\"><img decoding=\"async\" src=\"https:\/\/www.camp4.de\/blog\/wp-content\/uploads\/2012\/01\/spanienjens3.jpg\" data-orig-src=\"https:\/\/www.camp4.de\/blog\/wp-content\/uploads\/2012\/01\/spanienjens3.jpg\" width=\"580\" height=\"750\" alt=\"\" title=\"spanienjens3\" aria-label=\"spanienjens3\" class=\"lazyload img-responsive wp-image-29041\" srcset=\"data:image\/svg+xml,%3Csvg%20xmlns%3D%27http%3A%2F%2Fwww.w3.org%2F2000%2Fsvg%27%20width%3D%27580%27%20height%3D%27750%27%20viewBox%3D%270%200%20580%20750%27%3E%3Crect%20width%3D%27580%27%20height%3D%27750%27%20fill-opacity%3D%220%22%2F%3E%3C%2Fsvg%3E\" data-srcset=\"https:\/\/www.camp4.de\/blog\/wp-content\/uploads\/2012\/01\/spanienjens3-200x259.jpg 200w, https:\/\/www.camp4.de\/blog\/wp-content\/uploads\/2012\/01\/spanienjens3-400x517.jpg 400w, https:\/\/www.camp4.de\/blog\/wp-content\/uploads\/2012\/01\/spanienjens3.jpg 580w\" data-sizes=\"auto\" data-orig-sizes=\"(min-width: 2200px) 100vw, (min-width: 784px) 397px, (min-width: 712px) 595px, (min-width: 640px) 712px, \" \/><\/a><\/div><\/div><div class=\"clearfix\"><\/div><div style=\"padding:5px;\" class=\"fusion-grid-column fusion-gallery-column fusion-gallery-column-3 hover-type-zoomin\"><div class=\"fusion-gallery-image\"><a href=\"https:\/\/www.camp4.de\/blog\/wp-content\/uploads\/2012\/01\/spanienjens4.jpg\" rel=\"noreferrer\" data-rel=\"iLightbox[gallery_image_1]\" class=\"fusion-lightbox\" target=\"_self\"><img decoding=\"async\" src=\"https:\/\/www.camp4.de\/blog\/wp-content\/uploads\/2012\/01\/spanienjens4.jpg\" data-orig-src=\"https:\/\/www.camp4.de\/blog\/wp-content\/uploads\/2012\/01\/spanienjens4.jpg\" width=\"580\" height=\"420\" alt=\"\" title=\"spanienjens4\" aria-label=\"spanienjens4\" class=\"lazyload img-responsive wp-image-29042\" srcset=\"data:image\/svg+xml,%3Csvg%20xmlns%3D%27http%3A%2F%2Fwww.w3.org%2F2000%2Fsvg%27%20width%3D%27580%27%20height%3D%27420%27%20viewBox%3D%270%200%20580%20420%27%3E%3Crect%20width%3D%27580%27%20height%3D%27420%27%20fill-opacity%3D%220%22%2F%3E%3C%2Fsvg%3E\" data-srcset=\"https:\/\/www.camp4.de\/blog\/wp-content\/uploads\/2012\/01\/spanienjens4-200x145.jpg 200w, https:\/\/www.camp4.de\/blog\/wp-content\/uploads\/2012\/01\/spanienjens4-400x290.jpg 400w, https:\/\/www.camp4.de\/blog\/wp-content\/uploads\/2012\/01\/spanienjens4.jpg 580w\" data-sizes=\"auto\" data-orig-sizes=\"(min-width: 2200px) 100vw, (min-width: 784px) 397px, (min-width: 712px) 595px, (min-width: 640px) 712px, \" \/><\/a><\/div><\/div><div style=\"padding:5px;\" class=\"fusion-grid-column fusion-gallery-column fusion-gallery-column-3 hover-type-zoomin\"><div class=\"fusion-gallery-image\"><a href=\"https:\/\/www.camp4.de\/blog\/wp-content\/uploads\/2012\/01\/spanienjens5.jpg\" rel=\"noreferrer\" data-rel=\"iLightbox[gallery_image_1]\" class=\"fusion-lightbox\" target=\"_self\"><img decoding=\"async\" src=\"https:\/\/www.camp4.de\/blog\/wp-content\/uploads\/2012\/01\/spanienjens5.jpg\" data-orig-src=\"https:\/\/www.camp4.de\/blog\/wp-content\/uploads\/2012\/01\/spanienjens5.jpg\" width=\"580\" height=\"420\" alt=\"\" title=\"spanienjens5\" aria-label=\"spanienjens5\" class=\"lazyload img-responsive wp-image-29043\" srcset=\"data:image\/svg+xml,%3Csvg%20xmlns%3D%27http%3A%2F%2Fwww.w3.org%2F2000%2Fsvg%27%20width%3D%27580%27%20height%3D%27420%27%20viewBox%3D%270%200%20580%20420%27%3E%3Crect%20width%3D%27580%27%20height%3D%27420%27%20fill-opacity%3D%220%22%2F%3E%3C%2Fsvg%3E\" data-srcset=\"https:\/\/www.camp4.de\/blog\/wp-content\/uploads\/2012\/01\/spanienjens5-200x145.jpg 200w, https:\/\/www.camp4.de\/blog\/wp-content\/uploads\/2012\/01\/spanienjens5-400x290.jpg 400w, https:\/\/www.camp4.de\/blog\/wp-content\/uploads\/2012\/01\/spanienjens5.jpg 580w\" data-sizes=\"auto\" data-orig-sizes=\"(min-width: 2200px) 100vw, (min-width: 784px) 397px, (min-width: 712px) 595px, (min-width: 640px) 712px, \" \/><\/a><\/div><\/div><div style=\"padding:5px;\" class=\"fusion-grid-column fusion-gallery-column fusion-gallery-column-3 hover-type-zoomin\"><div class=\"fusion-gallery-image\"><a href=\"https:\/\/www.camp4.de\/blog\/wp-content\/uploads\/2012\/01\/Spanien7.jpg\" rel=\"noreferrer\" data-rel=\"iLightbox[gallery_image_1]\" class=\"fusion-lightbox\" target=\"_self\"><img decoding=\"async\" src=\"data:image\/svg+xml,%3Csvg%20xmlns%3D%27http%3A%2F%2Fwww.w3.org%2F2000%2Fsvg%27%20width%3D%2783%27%20height%3D%2755%27%20viewBox%3D%270%200%2083%2055%27%3E%3Crect%20width%3D%2783%27%20height%3D%2755%27%20fill-opacity%3D%220%22%2F%3E%3C%2Fsvg%3E\" data-orig-src=\"https:\/\/www.camp4.de\/blog\/wp-content\/uploads\/2012\/01\/Spanien7.jpg\" width=\"83\" height=\"55\" alt=\"\" title=\"Spanien\" aria-label=\"Spanien\" class=\"lazyload img-responsive wp-image-3222\"  \/><\/a><\/div><\/div><div class=\"clearfix\"><\/div><div style=\"padding:5px;\" class=\"fusion-grid-column fusion-gallery-column fusion-gallery-column-3 hover-type-zoomin\"><div class=\"fusion-gallery-image\"><a href=\"https:\/\/www.camp4.de\/blog\/wp-content\/uploads\/2012\/01\/SpanienJens.jpg\" rel=\"noreferrer\" data-rel=\"iLightbox[gallery_image_1]\" class=\"fusion-lightbox\" target=\"_self\"><img decoding=\"async\" src=\"data:image\/svg+xml,%3Csvg%20xmlns%3D%27http%3A%2F%2Fwww.w3.org%2F2000%2Fsvg%27%20width%3D%27600%27%20height%3D%27240%27%20viewBox%3D%270%200%20600%20240%27%3E%3Crect%20width%3D%27600%27%20height%3D%27240%27%20fill-opacity%3D%220%22%2F%3E%3C%2Fsvg%3E\" data-orig-src=\"https:\/\/www.camp4.de\/blog\/wp-content\/uploads\/2012\/01\/SpanienJens.jpg\" width=\"600\" height=\"240\" alt=\"\" title=\"SpanienJens\" aria-label=\"SpanienJens\" class=\"lazyload img-responsive wp-image-3223\"  \/><\/a><\/div><\/div><\/div><\/div><\/div><\/div><\/div><\/div>\n","protected":false},"excerpt":{"rendered":"<p>Meine Tour Ende Mai 2002: Wir hatten uns wieder ein kleines H\u00e4uschen und ein Auto gemietet, da man so die [&hellip;]<\/p>\n","protected":false},"author":130,"featured_media":3223,"comment_status":"open","ping_status":"open","sticky":false,"template":"","format":"standard","meta":{"_jetpack_newsletter_access":"","_jetpack_dont_email_post_to_subs":false,"_jetpack_newsletter_tier_id":0,"_jetpack_memberships_contains_paywalled_content":false,"_jetpack_memberships_contains_paid_content":false,"footnotes":""},"categories":[13,5,549],"tags":[566,567,568,565,2303,60,137,569],"class_list":["post-3221","post","type-post","status-publish","format-standard","has-post-thumbnail","hentry","category-europa-gus-staaten","category-reiseberichte","category-spanien","tag-caldera-rundwanderung","tag-la-palma","tag-rucksackurlaub","tag-rudnwanderung","tag-spanien","tag-trekking","tag-wandern","tag-wanderungen"],"geo":{"latitude":39.5695076,"longitude":2.649966,"description":"Palma, Spain"},"jetpack_featured_media_url":"https:\/\/www.camp4.de\/blog\/wp-content\/uploads\/2012\/01\/SpanienJens.jpg","jetpack_shortlink":"https:\/\/wp.me\/p4csa8-PX","jetpack_sharing_enabled":true,"_links":{"self":[{"href":"https:\/\/www.camp4.de\/blog\/wp-json\/wp\/v2\/posts\/3221","targetHints":{"allow":["GET"]}}],"collection":[{"href":"https:\/\/www.camp4.de\/blog\/wp-json\/wp\/v2\/posts"}],"about":[{"href":"https:\/\/www.camp4.de\/blog\/wp-json\/wp\/v2\/types\/post"}],"author":[{"embeddable":true,"href":"https:\/\/www.camp4.de\/blog\/wp-json\/wp\/v2\/users\/130"}],"replies":[{"embeddable":true,"href":"https:\/\/www.camp4.de\/blog\/wp-json\/wp\/v2\/comments?post=3221"}],"version-history":[{"count":9,"href":"https:\/\/www.camp4.de\/blog\/wp-json\/wp\/v2\/posts\/3221\/revisions"}],"predecessor-version":[{"id":30444,"href":"https:\/\/www.camp4.de\/blog\/wp-json\/wp\/v2\/posts\/3221\/revisions\/30444"}],"wp:featuredmedia":[{"embeddable":true,"href":"https:\/\/www.camp4.de\/blog\/wp-json\/wp\/v2\/media\/3223"}],"wp:attachment":[{"href":"https:\/\/www.camp4.de\/blog\/wp-json\/wp\/v2\/media?parent=3221"}],"wp:term":[{"taxonomy":"category","embeddable":true,"href":"https:\/\/www.camp4.de\/blog\/wp-json\/wp\/v2\/categories?post=3221"},{"taxonomy":"post_tag","embeddable":true,"href":"https:\/\/www.camp4.de\/blog\/wp-json\/wp\/v2\/tags?post=3221"}],"curies":[{"name":"wp","href":"https:\/\/api.w.org\/{rel}","templated":true}]}}