{"id":12774,"date":"2019-10-18T01:11:32","date_gmt":"2019-10-17T23:11:32","guid":{"rendered":"https:\/\/www.camp4.de\/blog\/?p=12774"},"modified":"2024-06-26T12:53:30","modified_gmt":"2024-06-26T10:53:30","slug":"sognefjellsveien-radtour-norwegens-passstrasse-sognefjellsveien","status":"publish","type":"post","link":"https:\/\/www.camp4.de\/blog\/reiseberichte\/sognefjellsveien-radtour-norwegens-passstrasse-sognefjellsveien\/","title":{"rendered":"Sognefjellsveien: Mit dem Fahrrad \u00fcber Norwegens h\u00f6chste Passstra\u00dfe"},"content":{"rendered":"<div class=\"fusion-fullwidth fullwidth-box fusion-builder-row-1 fusion-flex-container nonhundred-percent-fullwidth non-hundred-percent-height-scrolling\" style=\"--awb-border-radius-top-left:0px;--awb-border-radius-top-right:0px;--awb-border-radius-bottom-right:0px;--awb-border-radius-bottom-left:0px;--awb-flex-wrap:wrap;\" ><div class=\"fusion-builder-row fusion-row fusion-flex-align-items-flex-start fusion-flex-content-wrap\" style=\"max-width:1248px;margin-left: calc(-4% \/ 2 );margin-right: calc(-4% \/ 2 );\"><div class=\"fusion-layout-column fusion_builder_column fusion-builder-column-0 fusion_builder_column_1_1 1_1 fusion-flex-column\" style=\"--awb-bg-size:cover;--awb-width-large:100%;--awb-margin-top-large:0px;--awb-spacing-right-large:1.92%;--awb-margin-bottom-large:0px;--awb-spacing-left-large:1.92%;--awb-width-medium:100%;--awb-spacing-right-medium:1.92%;--awb-spacing-left-medium:1.92%;--awb-width-small:100%;--awb-spacing-right-small:1.92%;--awb-spacing-left-small:1.92%;\"><div class=\"fusion-column-wrapper fusion-flex-justify-content-flex-start fusion-content-layout-column\"><div class=\"fusion-text fusion-text-1\"><p><strong>Drei Monate auf dem Rad durch Deutschland, D\u00e4nemark, Schweden, Norwegen und Finnland sind die Pl\u00e4ne, die Simon Rudolf hegt. Er startete in Landau am Rande des Pf\u00e4lzer Waldes und kam nach 93 Tagen und 6750 Kilometern in Lulea, in Nordschweden an. Ein Teil seiner Tour f\u00fchrte ihn \u00fcber die h\u00f6chste Passstra\u00dfe Norwegens, die Sognefjellsveien.<\/strong><\/p>\n<p><!--more--><\/p>\n<p>Gut einen Monat, nachdem ich in Deutschland aufgebrochen war, fand ich mich im zentralen Teil von Norwegen wieder. Vor mir lag nun eine der Schl\u00fcsselstellen der Tour. Ich hatte die Skanden erreicht. In den kommenden Tagen w\u00fcrde es viele H\u00f6henmeter zu erklimmen geben, welche einiges von mir und dem Material abverlangen w\u00fcrden. Was mir etwas Sorgen bereitete, war das Wetter. Seit Tagen regnete es und es machte auch nicht den Anschein, dass sich daran etwas \u00e4ndern w\u00fcrde.<\/p>\n<h3>Das Wetter ist kein Scherzkeks<\/h3>\n<p>Bei knappen 10 Grad im Tal wusste ich, dass auf \u00fcber 1000 Metern mit dem Wetter nicht zu spa\u00dfen sei. Auch war es nicht sicher, ob ich an meiner geplanten Route festhalten konnte. Viele der Passstrassen in Norwegen machen erst sp\u00e4t im Jahr auf und selbst nach der \u00d6ffnung kann man nie wissen, ob diese nicht wegen schlechtem Wetter vor\u00fcbergehend geschlossen sind. Mit Anfang\/Mitte Mai war ich in einer Zeit, in der so manche Stra\u00dfen noch geschlossen und viele erst seit kurzem das erste Mal befahrbar waren.<\/p>\n<p>Wie mir Leute berichteten, musste ich mit viel Schnee in den n\u00e4chsten Tagen rechnen. Mit reichlich Vorfreude, aber auch einiges an Respekt begann ich, mich das erste Mal auf \u00fcber 1000 Meter hochzuarbeiten. St\u00fcck f\u00fcr St\u00fcck verwandelte sich alles um mich herum in eine Schneelandschaft, bis ich auf ungef\u00e4hr 1100 Metern mitten im Paradies angekommen war.<\/p>\n<p>Am h\u00f6chsten Punkt war ich \u00fcberw\u00e4ltigt von der Sch\u00f6nheit die mich umgab. Eine kurze Pause an einem zugefrorenen See war die Belohnung f\u00fcr die harte Arbeit. M\u00f6glichst schnell jedoch bereitete ich mich auf die Abfahrt vor, da ich sofort merkte, dass mir kalt wurde, sobald ich nicht mehr auf meinem Rad sa\u00df.<\/p>\n<p>Der Tacho zeigte minus ein Grad Celsius an. Dies durfte ich nicht untersch\u00e4tzen, denn vor mir lag eine lange Abfahrt, die mich bis auf Meereslevel bringen w\u00fcrde. In trockener Kleidung plus einer zus\u00e4tzlichen Schicht, die hoffentlich den Fahrtwind und somit die K\u00e4lte stoppen w\u00fcrde, machte ich mich auf den Weg ins Tal.<\/p>\n<p>Dieser erste Pass zeigte mir nicht nur die unbeschreibliche Sch\u00f6nheit dieser Gegend, sondern auch auf was ich mich eingelassen hatte. Zwei Tage sp\u00e4ter, so der Plan, sollte mich die Sognefjellet Stra\u00dfe nochmals 300 Meter h\u00f6her, auf 1434 Meter \u00fcber dem Meeresspiegel bringen. Ich stellte mich also auf noch mehr Schnee und k\u00e4ltere Temperaturen ein.<\/p>\n<h3>Auch Dauerregen und Nebel sind beeindruckend<\/h3>\n<p>Am 32ten Tag der Tour erreichte ich den kleinen Ort Fortun, welcher unmittelbar vor dem Anstieg der Stra\u00dfe liegt. Neben einem kleinen Supermarkt gab es unter anderem auch eine Tankstelle mit Werkstatt. Von dort aus werden die Schneeraeumarbeiten koordiniert und wenn man sicher gehen m\u00f6chte, dass der Sognefjellsveien befahrbar ist, fragt man hier bei den Richtigen.<\/p>\n<p>Ein gro\u00dfes un\u00fcbersehbares Schild, das den Status der Stra\u00dfe anzeigt, machte mir jedoch keinen Mut. \u201eStengt\u201c war zu lesen, was bedeutete, dass die Stra\u00dfe momentan geschlossen war. Wie man mir in der Tankstelle mitteilte war das schlechte Wetter Grund f\u00fcr die Schlie\u00dfung. In den letzten Tagen sei viel Neuschnee gefallen und die R\u00e4umfahrzeuge arbeiteten pausenlos, um diesen zu beseitigen.<\/p>\n<p>Schon den ganzen Tag hatte ich ein ungutes Gef\u00fchl mit herumgeschleppt, welches hiermit best\u00e4tigt wurde. Um nach Fortun zu kommen folgte ich den ganzen Tag lang dem Sognefjord, der selbst bei Dauerregen und Nebel absolut beeindruckend war. Immer wieder fragte ich Leute die ich traf, ob der Sognefjellsveien ge\u00f6ffnet sei? Eine sichere Antwort konnte mir niemand geben.<\/p>\n<p>Auch nachdem ich mehrmals geh\u00f6rt hatte, dass dieser geschlossen sei, wollte ich meine geplante Route noch nicht aufgeben und fuhr weiter in die potentielle Sackgasse nach Fortun. Die Landschaft die mich umgab war wirklich atemberaubend: Massive Felsw\u00e4nde, laute Wasserf\u00e4lle und unber\u00fchrte Bergh\u00e4nge. Richtig genie\u00dfen konnte ich sie an diesem Tag allerdings nicht.<\/p>\n<h3>Bitte keine Sackgasse<\/h3>\n<p>Teilabschnitte meiner Reise, auf die ich mich schon seit langem freute, w\u00fcrde ich vielleicht gar nicht erreichen k\u00f6nnen und die Gedanken, dass ich mich wom\u00f6glich in eine Sackgasse gesteuert hatte, zehrten an meiner Motivation und Laune. Einer der Angestellten der Tankstelle gab mir seine Handynummer.<\/p>\n<p>Er war vom R\u00e4umungsteam und ich sollte ihn am n\u00e4chsten Morgen anrufen. Er selbst w\u00fcrde morgen am Pass arbeiten und beurteilen k\u00f6nnen, ob dieser denn vielleicht im Laufe des Tages \u00f6ffnen w\u00fcrde. Zudem gab er mir noch die Information, dass auf etwa 800 Metern nochmals eine Schranke ist, welche erst ge\u00f6ffnet wird, wenn die Stra\u00dfe sicher befahrbar ist. Mit den Gedanken, dass ich hier vielleicht f\u00fcr ein paar Tage festh\u00e4ngen w\u00fcrde, machte ich mich auf den Weg einen Camp Spot zu finden.<\/p>\n<p>Hinter Fortun sah man die Stra\u00dfe, die sie sich zu Anfangs in Serpentinen den Berg hochschl\u00e4ngelt. Irgendwo dort g\u00e4be es bestimmt auch einen geeigneten Platz f\u00fcr mein\u00a0 kleines Zelt. Nach einem kurzen Stopp im Supermarkt, begann ich im st\u00e4ndigen Richtungswechsel, mich den Berg hinaufzuarbeiten. Auf etwa 200 Metern fand ich einen geeigneten Platz zum \u00dcbernachten.<\/p>\n<p>Total durchn\u00e4sst und verfroren baute ich m\u00f6glichst schnell mein Zelt auf. Minuten sp\u00e4ter sa\u00df ich eingewickelt in meinem Schlafsack im Zelt und bereitete mein Abendessen im Eingang vor. Eine kleine Entsch\u00e4digung f\u00fcr den Tag, der vor allem ziemlich an meiner Motivation gezehrt hatte, war die Aussicht aus meinem Zelt. Mit Blick aufs Tal und Fortun beendete ich den Tag mit einem warmen Tee und einer gro\u00dfen Portion Nudeln mit Tomatensauce.<\/p>\n<p>Der n\u00e4chste Morgen begann wie der letzte Abend endete, mit Regen. Da ich nicht wusste, ob die Stra\u00dfe \u00f6ffnen w\u00fcrde, oder einen weiteren Tag geschlossen blieb, erschien es mir sinnlos mich aus dem Zelt zu bewegen, bevor ich keine neuen Informationen bek\u00e4me. Um 10 Uhr schlie\u00dflich konnte ich jemanden \u00fcber die Handynummer, die ich gestern bekommen hatte erreichen. W\u00e4hrend des Telefonats waren diese immer noch dabei, die Stra\u00dfe vom Schnee zu befreien, doch mit ein wenig Gl\u00fcck w\u00fcrde sie bis zum Mittag befahrbar sein.<\/p>\n<h3>Auf zur n\u00e4chsten Schranke<\/h3>\n<p>Da ich nicht wusste, wie viel Zeit der Anstieg in Anspruch nehmen w\u00fcrde, ich nicht wusste, welche Wetterkonditionen auf mich dort oben warten w\u00fcrden, und ich keinesfalls im Dunkeln die 50 Kilometer lange Abfahrt antreten wollte, entschied ich mich dazu, mein Zelt zu verlassen und mich auf den Weg zur h\u00f6her gelegenen Schranke zu machen. Von dort, auf etwa 800 Metern, h\u00e4tte ich eine gute Ausgangsposition, um im Hellen im Tal auf der anderen Seite anzukommen, falls die Stra\u00dfe am Mittag ge\u00f6ffnet werden w\u00fcrde.<\/p>\n<p>Der Regen verwandelte sich langsam in Schneeregen und dann in einen leichten Schneefall, als ich nach ein paar anstrengenden Kilometern an der besagten Schranke ankam. Diese war zu meinem Bedauern immer noch geschlossen, also blieb mir nichts anderes \u00fcbrig als zu warten. Allein war ich hier nicht.<\/p>\n<p>Als ich ankam waren dort bereits einige Autos und Touristenbusse. Wie ich erfuhr warteten nicht alle auf die \u00d6ffnung der Stra\u00dfe. Ich war hier nicht nur an einer\u00a0 spektakul\u00e4ren Stra\u00dfe, sondern auch in einem beliebten Gebiet f\u00fcr Skiwanderungen. Drei Deutsche, die mit ihrem VW-Bus unterwegs waren, und schon seit zwei Tagen hier auf die\u00a0 \u00d6ffnung der Stra\u00dfe warteten, luden mich auf einen Kaffee ein.<\/p>\n<p>Zur Freude von allen bekam ich die Information, dass die Stra\u00dfe in kurzer Zeit aufmachen w\u00fcrde und auch das Wetter wurde besser. Zwischen all den Wolken kam mehr und mehr blauer Himmel zum Vorschein.<\/p>\n<p>Um kurz vor ein Uhr am Mittag wurde endlich die Schranke ge\u00f6ffnet und meiner geplanten Route stand ein Hindernis weniger gegen\u00fcber. Da ich nicht mehr l\u00e4nger warten wollte packte ich sofort mein Zelt, welches ich zum Trocknen in die Sonne gelegt hatte ein, bedankte mich f\u00fcr den Kaffee und das Gespr\u00e4ch bei den drei Deutschen und begab mich zur\u00fcck auf die Stra\u00dfe.<\/p>\n<h3>Endlich ein richtig gutes Gef\u00fchl: Pass, ich komme!<\/h3>\n<p>Das Gef\u00fchl den Pass heute doch befahren zu k\u00f6nnen war unglaublich gut, gerade weil ich am Vortag noch so daran zweifelte, dass dieser \u00f6ffnen w\u00fcrde. Immer wieder hielt ich an, um die Landschaft die mich umgab zu genie\u00dfen. Hinter mir konnte ich das Tal sehen, aus dem ich am Morgen gekommen war und vor mir sah ich wie sich die Schneemassen am Rande der Stra\u00dfe mehr und mehr auft\u00fcrmten.<\/p>\n<p>Obwohl die Stra\u00dfe weiterhin recht steil verlief, und ich ab der Schranke noch etwas mehr wie 600 H\u00f6henmeter bew\u00e4ltigen musste, f\u00fchlte ich in diesen letzten Kilometern so gut wie keine Anstrengung mehr. Voller Freude und Faszination rollte ich wie von allein den Berg hinauf. Dass es wirklich kalt war merkte ich daran, dass mein Wasser in den Flaschen anfing zu gefrieren. Ich selbst sp\u00fcrte davon nicht viel und f\u00fchlte mich so gut wie seit langem nicht mehr. Das andauernde schlechte Wetter und so manche unangenehme Nacht der letzten Tage waren wie vergessen.<\/p>\n<p>In Anbetracht meiner Umgebung hatte ich nun das Gef\u00fchl, dass sich jeder einzelne Kilometer, den ich seit Landau auf dem Rad sa\u00df, bezahlt machte. Durch die meterhohen Schneew\u00e4nde f\u00fchlte ich mich wie in einem Tunnel durch den ich fuhr. Immer wieder wirbelte der Wind Schnee auf und fegte ihn \u00fcber die Stra\u00dfe, was dazu f\u00fchrte, dass die Sicht manchmal f\u00fcr eine Weile auf ein Minimum schrumpfte und ich nicht wirklich sah wo ich denn hinsteuerte.<\/p>\n<p>Ein Abkommen von der Stra\u00dfe war zwar unm\u00f6glich, aber die hohe Wahrscheinlichkeit in\u00a0 diesen Schneeverwehungen nicht gesehen zu werden, war durchaus ein wenig beunruhigend. Zu meinem Gl\u00fcck war zu dieser Zeit nur wenig bis kein Verkehr auf der Stra\u00dfe. Umso sch\u00f6ner war es, wenn der Wind sich legte und man nur Sekunden sp\u00e4ter wieder eine absolut atemberaubende Aussicht auf die h\u00f6chsten Berge Norwegens geboten bekam.<\/p>\n<h3>Mit einem surrealen Grinsen<\/h3>\n<p>Wenn dann doch einmal ein Auto an mir vorbeifuhr, machten diese oftmals halt, hupten, winkten mir oder sch\u00fcttelten den Kopf. Mit einem voll bepackten Reiseradler rechnete so mancher an diesem Tag wohl doch nicht. Umso \u00fcberraschter waren sie, als sie mich mit einem riesigen Grinsen, dass wohl nicht h\u00e4tte gr\u00f6sser sein k\u00f6nnen, in dieser fast schon surreal wirkenden Landschaft auffanden.<\/p>\n<p>Surreal ist f\u00fcr diese Stunden wohl ein sehr zutreffender Begriff. Schwer f\u00e4llt es mir zu beschreiben, was mich dort umgab und wie diese Umgebung auf mich wirkte. Zwar war es schon eine Weile her, als ich das letzte Mal Skifahren war, aber grunds\u00e4tzlich war dies nicht\u00a0 das erste Mal, dass ich mich in schneebedeckten Bergen befand und doch war dies eine Erfahrung auf einem absolut anderem Level.<\/p>\n<p>Die Bilder, die sich mir an diesem Tag boten \u00fcbertrafen alles Vergleichbare, was ich bisher zu Gesicht bekommen hatte. Die Momente an denen ich ganz alleine durch diese Schneewelt fuhr und abgesehen vom Wind absolut nichts anderes zu h\u00f6ren war, werden mir hoffentlich noch lange in Erinnerung bleiben.<\/p>\n<p>Ohne es richtig wahr zu nehmen hatte ich den h\u00f6chsten Punkt der Stra\u00dfe passiert und vor mir lag nun eine gut 50 Kilometer lange Abfahrt. Da es so schien, dass sich das Wetter wieder anfing zu verschlechtern, wollte ich nicht noch l\u00e4nger hier oben verharren, sondern m\u00f6glichst schnell an H\u00f6he verlieren.<\/p>\n<p>Nachdem ich eine weitere Schicht Kleidung und Handschuhe angezogen hatte, ging es in einem schnellen, noch kontrollierbaren Tempo die Stra\u00dfe runter. Die Abfahrt war gro\u00dfartig und auch wenn man oftmals wegen enger Kurven fast auf null herunterbremsen musste, gab es auch Abschnitte, in denen kilometerlang nicht ans Bremsen zu denken war.<\/p>\n<p>Wie auch bei der ersten langen Abfahrt zwei Tage zuvor, merkte ich auch dieses Mal, dass meine Handschuhe nur bedingt f\u00fcr diese Konditionen geeignet waren und meine H\u00e4nde mehr und mehr einfroren. An Tempo rauszunehmen, um den Fahrtwind zu reduzieren, wollte ich trotzdem nicht denken. Die Abfahrt machte einfach zu viel Spa\u00df. Schnell \u00e4nderte sich auch wieder die Landschaft. Die scheinbar unber\u00fchrte Schneewelt verwandelte sich in schnellen Z\u00fcgen wieder in eine bewaldete Tallandschaft.<\/p>\n<h3>In Lom ist der Tag nicht zu Ende<\/h3>\n<p>Zur\u00fcck auf etwa 400 Metern \u00fcber Normal Null kam ich v\u00f6llig verfroren aber \u00fcbergl\u00fccklich in Lom an. Der Sognefjellsveien lag nun hinter mir, doch der Tag war noch nicht zu Ende.<br \/>\nZu meinem Bedauern waren in dem kleinen Dorf, obwohl es noch nicht sp\u00e4t am Abend war schon alle Superm\u00e4rkte geschlossen.<\/p>\n<p>Dies brachte mich in eine etwas misslige Lage. Morgen war Sonntag und am Montag war Feiertag. Die Superm\u00e4rkte waren also die n\u00e4chsten beiden Tage geschlossen und au\u00dfer Reis, einer Zwiebel, ein paar Gew\u00fcrzen und Haferflocken f\u00fcr einen weiteren Morgen, hatte ich nichts mehr zu essen.<\/p>\n<p>Die Anstrengungen des heutigen Tages machten sich pl\u00f6tzlich bemerkbar. Ziemlich ersch\u00f6pft und hungrig suchte ich mir etwas au\u00dferhalb von Lom einen geeigneten Platz f\u00fcr mein Zelt. Nach einem nicht so spannenden Abendessen, welches aus trockenem Reis, einer Zwiebel und Currypulver bestand, konnte ich nur noch ans Schlafen denken.<\/p>\n<p>Was f\u00fcr ein Tag, der abgesehen vom Abendessen, um weiten besser verlaufen war als noch am Tag zuvor bef\u00fcrchtet. Und noch viel besser, Morgen w\u00fcrde ich schon wieder auf \u00fcber 1000 Meter radeln und erneut in die unbeschreiblich sch\u00f6ne Schneewelt der Skanden eintauchen. Noch wusste ich nicht, dass mich morgen eine geschlossene Stra\u00dfe, Lawinen, die diese blockierten, und taube Finger und F\u00fc\u00dfe, auf mich warteten.<\/p>\n<\/div><div class=\"awb-gallery-wrapper awb-gallery-wrapper-1 button-span-no\" style=\"--more-btn-alignment:center;\"><div style=\"margin:-5px;--awb-bordersize:0px;\" class=\"fusion-gallery fusion-gallery-container fusion-grid-3 fusion-columns-total-26 fusion-gallery-layout-grid fusion-gallery-1\"><div style=\"padding:5px;\" class=\"fusion-grid-column fusion-gallery-column fusion-gallery-column-3 hover-type-zoomin\"><div class=\"fusion-gallery-image\"><a href=\"https:\/\/www.camp4.de\/blog\/wp-content\/uploads\/2019\/10\/sognefjellsveien01.jpg\" rel=\"noreferrer\" data-rel=\"iLightbox[gallery_image_1]\" class=\"fusion-lightbox\" target=\"_self\"><img decoding=\"async\" src=\"https:\/\/www.camp4.de\/blog\/wp-content\/uploads\/2019\/10\/sognefjellsveien01.jpg\" data-orig-src=\"https:\/\/www.camp4.de\/blog\/wp-content\/uploads\/2019\/10\/sognefjellsveien01.jpg\" width=\"800\" height=\"600\" alt=\"\" title=\"\u00f8;\" aria-label=\"\u00f8;\" class=\"lazyload img-responsive wp-image-24434\" srcset=\"data:image\/svg+xml,%3Csvg%20xmlns%3D%27http%3A%2F%2Fwww.w3.org%2F2000%2Fsvg%27%20width%3D%27800%27%20height%3D%27600%27%20viewBox%3D%270%200%20800%20600%27%3E%3Crect%20width%3D%27800%27%20height%3D%27600%27%20fill-opacity%3D%220%22%2F%3E%3C%2Fsvg%3E\" data-srcset=\"https:\/\/www.camp4.de\/blog\/wp-content\/uploads\/2019\/10\/sognefjellsveien01-200x150.jpg 200w, https:\/\/www.camp4.de\/blog\/wp-content\/uploads\/2019\/10\/sognefjellsveien01-400x300.jpg 400w, https:\/\/www.camp4.de\/blog\/wp-content\/uploads\/2019\/10\/sognefjellsveien01-600x450.jpg 600w, https:\/\/www.camp4.de\/blog\/wp-content\/uploads\/2019\/10\/sognefjellsveien01.jpg 800w\" data-sizes=\"auto\" data-orig-sizes=\"(min-width: 2200px) 100vw, (min-width: 784px) 397px, (min-width: 712px) 595px, (min-width: 640px) 712px, \" \/><\/a><\/div><\/div><div style=\"padding:5px;\" class=\"fusion-grid-column fusion-gallery-column fusion-gallery-column-3 hover-type-zoomin\"><div class=\"fusion-gallery-image\"><a href=\"https:\/\/www.camp4.de\/blog\/wp-content\/uploads\/2019\/10\/sognefjellsveien010.jpg\" rel=\"noreferrer\" data-rel=\"iLightbox[gallery_image_1]\" class=\"fusion-lightbox\" target=\"_self\"><img decoding=\"async\" src=\"https:\/\/www.camp4.de\/blog\/wp-content\/uploads\/2019\/10\/sognefjellsveien010.jpg\" data-orig-src=\"https:\/\/www.camp4.de\/blog\/wp-content\/uploads\/2019\/10\/sognefjellsveien010.jpg\" width=\"800\" height=\"600\" alt=\"\" title=\"DCIM100MEDIA\" aria-label=\"DCIM100MEDIA\" class=\"lazyload img-responsive wp-image-24435\" srcset=\"data:image\/svg+xml,%3Csvg%20xmlns%3D%27http%3A%2F%2Fwww.w3.org%2F2000%2Fsvg%27%20width%3D%27800%27%20height%3D%27600%27%20viewBox%3D%270%200%20800%20600%27%3E%3Crect%20width%3D%27800%27%20height%3D%27600%27%20fill-opacity%3D%220%22%2F%3E%3C%2Fsvg%3E\" data-srcset=\"https:\/\/www.camp4.de\/blog\/wp-content\/uploads\/2019\/10\/sognefjellsveien010-200x150.jpg 200w, https:\/\/www.camp4.de\/blog\/wp-content\/uploads\/2019\/10\/sognefjellsveien010-400x300.jpg 400w, https:\/\/www.camp4.de\/blog\/wp-content\/uploads\/2019\/10\/sognefjellsveien010-600x450.jpg 600w, https:\/\/www.camp4.de\/blog\/wp-content\/uploads\/2019\/10\/sognefjellsveien010.jpg 800w\" data-sizes=\"auto\" data-orig-sizes=\"(min-width: 2200px) 100vw, (min-width: 784px) 397px, (min-width: 712px) 595px, (min-width: 640px) 712px, \" \/><\/a><\/div><\/div><div style=\"padding:5px;\" class=\"fusion-grid-column fusion-gallery-column fusion-gallery-column-3 hover-type-zoomin\"><div class=\"fusion-gallery-image\"><a href=\"https:\/\/www.camp4.de\/blog\/wp-content\/uploads\/2019\/10\/sognefjellsveien02.jpg\" rel=\"noreferrer\" data-rel=\"iLightbox[gallery_image_1]\" class=\"fusion-lightbox\" target=\"_self\"><img decoding=\"async\" src=\"https:\/\/www.camp4.de\/blog\/wp-content\/uploads\/2019\/10\/sognefjellsveien02.jpg\" data-orig-src=\"https:\/\/www.camp4.de\/blog\/wp-content\/uploads\/2019\/10\/sognefjellsveien02.jpg\" width=\"800\" height=\"600\" alt=\"\" title=\"\u00f8;\" aria-label=\"\u00f8;\" class=\"lazyload img-responsive wp-image-24436\" srcset=\"data:image\/svg+xml,%3Csvg%20xmlns%3D%27http%3A%2F%2Fwww.w3.org%2F2000%2Fsvg%27%20width%3D%27800%27%20height%3D%27600%27%20viewBox%3D%270%200%20800%20600%27%3E%3Crect%20width%3D%27800%27%20height%3D%27600%27%20fill-opacity%3D%220%22%2F%3E%3C%2Fsvg%3E\" data-srcset=\"https:\/\/www.camp4.de\/blog\/wp-content\/uploads\/2019\/10\/sognefjellsveien02-200x150.jpg 200w, https:\/\/www.camp4.de\/blog\/wp-content\/uploads\/2019\/10\/sognefjellsveien02-400x300.jpg 400w, https:\/\/www.camp4.de\/blog\/wp-content\/uploads\/2019\/10\/sognefjellsveien02-600x450.jpg 600w, https:\/\/www.camp4.de\/blog\/wp-content\/uploads\/2019\/10\/sognefjellsveien02.jpg 800w\" data-sizes=\"auto\" data-orig-sizes=\"(min-width: 2200px) 100vw, (min-width: 784px) 397px, (min-width: 712px) 595px, (min-width: 640px) 712px, \" \/><\/a><\/div><\/div><div class=\"clearfix\"><\/div><div style=\"padding:5px;\" class=\"fusion-grid-column fusion-gallery-column fusion-gallery-column-3 hover-type-zoomin\"><div class=\"fusion-gallery-image\"><a href=\"https:\/\/www.camp4.de\/blog\/wp-content\/uploads\/2019\/10\/sognefjellsveien03.jpg\" rel=\"noreferrer\" data-rel=\"iLightbox[gallery_image_1]\" class=\"fusion-lightbox\" target=\"_self\"><img decoding=\"async\" src=\"https:\/\/www.camp4.de\/blog\/wp-content\/uploads\/2019\/10\/sognefjellsveien03.jpg\" data-orig-src=\"https:\/\/www.camp4.de\/blog\/wp-content\/uploads\/2019\/10\/sognefjellsveien03.jpg\" width=\"800\" height=\"600\" alt=\"\" title=\"\u00f8;\" aria-label=\"\u00f8;\" class=\"lazyload img-responsive wp-image-24437\" srcset=\"data:image\/svg+xml,%3Csvg%20xmlns%3D%27http%3A%2F%2Fwww.w3.org%2F2000%2Fsvg%27%20width%3D%27800%27%20height%3D%27600%27%20viewBox%3D%270%200%20800%20600%27%3E%3Crect%20width%3D%27800%27%20height%3D%27600%27%20fill-opacity%3D%220%22%2F%3E%3C%2Fsvg%3E\" data-srcset=\"https:\/\/www.camp4.de\/blog\/wp-content\/uploads\/2019\/10\/sognefjellsveien03-200x150.jpg 200w, https:\/\/www.camp4.de\/blog\/wp-content\/uploads\/2019\/10\/sognefjellsveien03-400x300.jpg 400w, https:\/\/www.camp4.de\/blog\/wp-content\/uploads\/2019\/10\/sognefjellsveien03-600x450.jpg 600w, https:\/\/www.camp4.de\/blog\/wp-content\/uploads\/2019\/10\/sognefjellsveien03.jpg 800w\" data-sizes=\"auto\" data-orig-sizes=\"(min-width: 2200px) 100vw, (min-width: 784px) 397px, (min-width: 712px) 595px, (min-width: 640px) 712px, \" \/><\/a><\/div><\/div><div style=\"padding:5px;\" class=\"fusion-grid-column fusion-gallery-column fusion-gallery-column-3 hover-type-zoomin\"><div class=\"fusion-gallery-image\"><a href=\"https:\/\/www.camp4.de\/blog\/wp-content\/uploads\/2019\/10\/sognefjellsveien04.jpg\" rel=\"noreferrer\" data-rel=\"iLightbox[gallery_image_1]\" class=\"fusion-lightbox\" target=\"_self\"><img decoding=\"async\" src=\"https:\/\/www.camp4.de\/blog\/wp-content\/uploads\/2019\/10\/sognefjellsveien04.jpg\" data-orig-src=\"https:\/\/www.camp4.de\/blog\/wp-content\/uploads\/2019\/10\/sognefjellsveien04.jpg\" width=\"800\" height=\"600\" alt=\"\" title=\"\u00f8;\" aria-label=\"\u00f8;\" class=\"lazyload img-responsive wp-image-24438\" srcset=\"data:image\/svg+xml,%3Csvg%20xmlns%3D%27http%3A%2F%2Fwww.w3.org%2F2000%2Fsvg%27%20width%3D%27800%27%20height%3D%27600%27%20viewBox%3D%270%200%20800%20600%27%3E%3Crect%20width%3D%27800%27%20height%3D%27600%27%20fill-opacity%3D%220%22%2F%3E%3C%2Fsvg%3E\" data-srcset=\"https:\/\/www.camp4.de\/blog\/wp-content\/uploads\/2019\/10\/sognefjellsveien04-200x150.jpg 200w, https:\/\/www.camp4.de\/blog\/wp-content\/uploads\/2019\/10\/sognefjellsveien04-400x300.jpg 400w, https:\/\/www.camp4.de\/blog\/wp-content\/uploads\/2019\/10\/sognefjellsveien04-600x450.jpg 600w, https:\/\/www.camp4.de\/blog\/wp-content\/uploads\/2019\/10\/sognefjellsveien04.jpg 800w\" data-sizes=\"auto\" data-orig-sizes=\"(min-width: 2200px) 100vw, (min-width: 784px) 397px, (min-width: 712px) 595px, (min-width: 640px) 712px, \" \/><\/a><\/div><\/div><div style=\"padding:5px;\" class=\"fusion-grid-column fusion-gallery-column fusion-gallery-column-3 hover-type-zoomin\"><div class=\"fusion-gallery-image\"><a href=\"https:\/\/www.camp4.de\/blog\/wp-content\/uploads\/2019\/10\/sognefjellsveien05.jpg\" rel=\"noreferrer\" data-rel=\"iLightbox[gallery_image_1]\" class=\"fusion-lightbox\" target=\"_self\"><img decoding=\"async\" src=\"https:\/\/www.camp4.de\/blog\/wp-content\/uploads\/2019\/10\/sognefjellsveien05.jpg\" data-orig-src=\"https:\/\/www.camp4.de\/blog\/wp-content\/uploads\/2019\/10\/sognefjellsveien05.jpg\" width=\"800\" height=\"600\" alt=\"\" title=\"DCIM100MEDIA\" aria-label=\"DCIM100MEDIA\" class=\"lazyload img-responsive wp-image-24439\" srcset=\"data:image\/svg+xml,%3Csvg%20xmlns%3D%27http%3A%2F%2Fwww.w3.org%2F2000%2Fsvg%27%20width%3D%27800%27%20height%3D%27600%27%20viewBox%3D%270%200%20800%20600%27%3E%3Crect%20width%3D%27800%27%20height%3D%27600%27%20fill-opacity%3D%220%22%2F%3E%3C%2Fsvg%3E\" data-srcset=\"https:\/\/www.camp4.de\/blog\/wp-content\/uploads\/2019\/10\/sognefjellsveien05-200x150.jpg 200w, https:\/\/www.camp4.de\/blog\/wp-content\/uploads\/2019\/10\/sognefjellsveien05-400x300.jpg 400w, https:\/\/www.camp4.de\/blog\/wp-content\/uploads\/2019\/10\/sognefjellsveien05-600x450.jpg 600w, https:\/\/www.camp4.de\/blog\/wp-content\/uploads\/2019\/10\/sognefjellsveien05.jpg 800w\" data-sizes=\"auto\" data-orig-sizes=\"(min-width: 2200px) 100vw, (min-width: 784px) 397px, (min-width: 712px) 595px, (min-width: 640px) 712px, \" \/><\/a><\/div><\/div><div class=\"clearfix\"><\/div><div style=\"padding:5px;\" class=\"fusion-grid-column fusion-gallery-column fusion-gallery-column-3 hover-type-zoomin\"><div class=\"fusion-gallery-image\"><a href=\"https:\/\/www.camp4.de\/blog\/wp-content\/uploads\/2019\/10\/sognefjellsveien06.jpg\" rel=\"noreferrer\" data-rel=\"iLightbox[gallery_image_1]\" class=\"fusion-lightbox\" target=\"_self\"><img decoding=\"async\" src=\"https:\/\/www.camp4.de\/blog\/wp-content\/uploads\/2019\/10\/sognefjellsveien06.jpg\" data-orig-src=\"https:\/\/www.camp4.de\/blog\/wp-content\/uploads\/2019\/10\/sognefjellsveien06.jpg\" width=\"800\" height=\"600\" alt=\"\" title=\"DCIM100MEDIA\" aria-label=\"DCIM100MEDIA\" class=\"lazyload img-responsive wp-image-24440\" srcset=\"data:image\/svg+xml,%3Csvg%20xmlns%3D%27http%3A%2F%2Fwww.w3.org%2F2000%2Fsvg%27%20width%3D%27800%27%20height%3D%27600%27%20viewBox%3D%270%200%20800%20600%27%3E%3Crect%20width%3D%27800%27%20height%3D%27600%27%20fill-opacity%3D%220%22%2F%3E%3C%2Fsvg%3E\" data-srcset=\"https:\/\/www.camp4.de\/blog\/wp-content\/uploads\/2019\/10\/sognefjellsveien06-200x150.jpg 200w, https:\/\/www.camp4.de\/blog\/wp-content\/uploads\/2019\/10\/sognefjellsveien06-400x300.jpg 400w, https:\/\/www.camp4.de\/blog\/wp-content\/uploads\/2019\/10\/sognefjellsveien06-600x450.jpg 600w, https:\/\/www.camp4.de\/blog\/wp-content\/uploads\/2019\/10\/sognefjellsveien06.jpg 800w\" data-sizes=\"auto\" data-orig-sizes=\"(min-width: 2200px) 100vw, (min-width: 784px) 397px, (min-width: 712px) 595px, (min-width: 640px) 712px, \" \/><\/a><\/div><\/div><div style=\"padding:5px;\" class=\"fusion-grid-column fusion-gallery-column fusion-gallery-column-3 hover-type-zoomin\"><div class=\"fusion-gallery-image\"><a href=\"https:\/\/www.camp4.de\/blog\/wp-content\/uploads\/2019\/10\/sognefjellsveien07.jpg\" rel=\"noreferrer\" data-rel=\"iLightbox[gallery_image_1]\" class=\"fusion-lightbox\" target=\"_self\"><img decoding=\"async\" src=\"https:\/\/www.camp4.de\/blog\/wp-content\/uploads\/2019\/10\/sognefjellsveien07.jpg\" data-orig-src=\"https:\/\/www.camp4.de\/blog\/wp-content\/uploads\/2019\/10\/sognefjellsveien07.jpg\" width=\"800\" height=\"600\" alt=\"\" title=\"DCIM100MEDIA\" aria-label=\"DCIM100MEDIA\" class=\"lazyload img-responsive wp-image-24441\" srcset=\"data:image\/svg+xml,%3Csvg%20xmlns%3D%27http%3A%2F%2Fwww.w3.org%2F2000%2Fsvg%27%20width%3D%27800%27%20height%3D%27600%27%20viewBox%3D%270%200%20800%20600%27%3E%3Crect%20width%3D%27800%27%20height%3D%27600%27%20fill-opacity%3D%220%22%2F%3E%3C%2Fsvg%3E\" data-srcset=\"https:\/\/www.camp4.de\/blog\/wp-content\/uploads\/2019\/10\/sognefjellsveien07-200x150.jpg 200w, https:\/\/www.camp4.de\/blog\/wp-content\/uploads\/2019\/10\/sognefjellsveien07-400x300.jpg 400w, https:\/\/www.camp4.de\/blog\/wp-content\/uploads\/2019\/10\/sognefjellsveien07-600x450.jpg 600w, https:\/\/www.camp4.de\/blog\/wp-content\/uploads\/2019\/10\/sognefjellsveien07.jpg 800w\" data-sizes=\"auto\" data-orig-sizes=\"(min-width: 2200px) 100vw, (min-width: 784px) 397px, (min-width: 712px) 595px, (min-width: 640px) 712px, \" \/><\/a><\/div><\/div><div style=\"padding:5px;\" class=\"fusion-grid-column fusion-gallery-column fusion-gallery-column-3 hover-type-zoomin\"><div class=\"fusion-gallery-image\"><a href=\"https:\/\/www.camp4.de\/blog\/wp-content\/uploads\/2019\/10\/sognefjellsveien08.jpg\" rel=\"noreferrer\" data-rel=\"iLightbox[gallery_image_1]\" class=\"fusion-lightbox\" target=\"_self\"><img decoding=\"async\" src=\"https:\/\/www.camp4.de\/blog\/wp-content\/uploads\/2019\/10\/sognefjellsveien08.jpg\" data-orig-src=\"https:\/\/www.camp4.de\/blog\/wp-content\/uploads\/2019\/10\/sognefjellsveien08.jpg\" width=\"800\" height=\"600\" alt=\"\" title=\"DCIM100MEDIA\" aria-label=\"DCIM100MEDIA\" class=\"lazyload img-responsive wp-image-24442\" srcset=\"data:image\/svg+xml,%3Csvg%20xmlns%3D%27http%3A%2F%2Fwww.w3.org%2F2000%2Fsvg%27%20width%3D%27800%27%20height%3D%27600%27%20viewBox%3D%270%200%20800%20600%27%3E%3Crect%20width%3D%27800%27%20height%3D%27600%27%20fill-opacity%3D%220%22%2F%3E%3C%2Fsvg%3E\" data-srcset=\"https:\/\/www.camp4.de\/blog\/wp-content\/uploads\/2019\/10\/sognefjellsveien08-200x150.jpg 200w, https:\/\/www.camp4.de\/blog\/wp-content\/uploads\/2019\/10\/sognefjellsveien08-400x300.jpg 400w, https:\/\/www.camp4.de\/blog\/wp-content\/uploads\/2019\/10\/sognefjellsveien08-600x450.jpg 600w, https:\/\/www.camp4.de\/blog\/wp-content\/uploads\/2019\/10\/sognefjellsveien08.jpg 800w\" data-sizes=\"auto\" data-orig-sizes=\"(min-width: 2200px) 100vw, (min-width: 784px) 397px, (min-width: 712px) 595px, (min-width: 640px) 712px, \" \/><\/a><\/div><\/div><div class=\"clearfix\"><\/div><div style=\"padding:5px;\" class=\"fusion-grid-column fusion-gallery-column fusion-gallery-column-3 hover-type-zoomin\"><div class=\"fusion-gallery-image\"><a href=\"https:\/\/www.camp4.de\/blog\/wp-content\/uploads\/2019\/10\/sognefjellsveien09.jpg\" rel=\"noreferrer\" data-rel=\"iLightbox[gallery_image_1]\" class=\"fusion-lightbox\" target=\"_self\"><img decoding=\"async\" src=\"https:\/\/www.camp4.de\/blog\/wp-content\/uploads\/2019\/10\/sognefjellsveien09.jpg\" data-orig-src=\"https:\/\/www.camp4.de\/blog\/wp-content\/uploads\/2019\/10\/sognefjellsveien09.jpg\" width=\"800\" height=\"600\" alt=\"\" title=\"DCIM100MEDIA\" aria-label=\"DCIM100MEDIA\" class=\"lazyload img-responsive wp-image-24443\" srcset=\"data:image\/svg+xml,%3Csvg%20xmlns%3D%27http%3A%2F%2Fwww.w3.org%2F2000%2Fsvg%27%20width%3D%27800%27%20height%3D%27600%27%20viewBox%3D%270%200%20800%20600%27%3E%3Crect%20width%3D%27800%27%20height%3D%27600%27%20fill-opacity%3D%220%22%2F%3E%3C%2Fsvg%3E\" data-srcset=\"https:\/\/www.camp4.de\/blog\/wp-content\/uploads\/2019\/10\/sognefjellsveien09-200x150.jpg 200w, https:\/\/www.camp4.de\/blog\/wp-content\/uploads\/2019\/10\/sognefjellsveien09-400x300.jpg 400w, https:\/\/www.camp4.de\/blog\/wp-content\/uploads\/2019\/10\/sognefjellsveien09-600x450.jpg 600w, https:\/\/www.camp4.de\/blog\/wp-content\/uploads\/2019\/10\/sognefjellsveien09.jpg 800w\" data-sizes=\"auto\" data-orig-sizes=\"(min-width: 2200px) 100vw, (min-width: 784px) 397px, (min-width: 712px) 595px, (min-width: 640px) 712px, \" \/><\/a><\/div><\/div><div style=\"padding:5px;\" class=\"fusion-grid-column fusion-gallery-column fusion-gallery-column-3 hover-type-zoomin\"><div class=\"fusion-gallery-image\"><a href=\"https:\/\/www.camp4.de\/blog\/wp-content\/uploads\/2019\/10\/20150521_130048.jpg\" rel=\"noreferrer\" data-rel=\"iLightbox[gallery_image_1]\" class=\"fusion-lightbox\" target=\"_self\"><img decoding=\"async\" src=\"https:\/\/www.camp4.de\/blog\/wp-content\/uploads\/2019\/10\/20150521_130048.jpg\" data-orig-src=\"https:\/\/www.camp4.de\/blog\/wp-content\/uploads\/2019\/10\/20150521_130048.jpg\" width=\"800\" height=\"600\" alt=\"\" title=\"\u00f8;\" aria-label=\"\u00f8;\" class=\"lazyload img-responsive wp-image-24444\" srcset=\"data:image\/svg+xml,%3Csvg%20xmlns%3D%27http%3A%2F%2Fwww.w3.org%2F2000%2Fsvg%27%20width%3D%27800%27%20height%3D%27600%27%20viewBox%3D%270%200%20800%20600%27%3E%3Crect%20width%3D%27800%27%20height%3D%27600%27%20fill-opacity%3D%220%22%2F%3E%3C%2Fsvg%3E\" data-srcset=\"https:\/\/www.camp4.de\/blog\/wp-content\/uploads\/2019\/10\/20150521_130048-200x150.jpg 200w, https:\/\/www.camp4.de\/blog\/wp-content\/uploads\/2019\/10\/20150521_130048-400x300.jpg 400w, https:\/\/www.camp4.de\/blog\/wp-content\/uploads\/2019\/10\/20150521_130048-600x450.jpg 600w, https:\/\/www.camp4.de\/blog\/wp-content\/uploads\/2019\/10\/20150521_130048.jpg 800w\" data-sizes=\"auto\" data-orig-sizes=\"(min-width: 2200px) 100vw, (min-width: 784px) 397px, (min-width: 712px) 595px, (min-width: 640px) 712px, \" \/><\/a><\/div><\/div><div style=\"padding:5px;\" class=\"fusion-grid-column fusion-gallery-column fusion-gallery-column-3 hover-type-zoomin\"><div class=\"fusion-gallery-image\"><a href=\"https:\/\/www.camp4.de\/blog\/wp-content\/uploads\/2019\/10\/20150521_150420.jpg\" rel=\"noreferrer\" data-rel=\"iLightbox[gallery_image_1]\" class=\"fusion-lightbox\" target=\"_self\"><img decoding=\"async\" src=\"https:\/\/www.camp4.de\/blog\/wp-content\/uploads\/2019\/10\/20150521_150420.jpg\" data-orig-src=\"https:\/\/www.camp4.de\/blog\/wp-content\/uploads\/2019\/10\/20150521_150420.jpg\" width=\"800\" height=\"600\" alt=\"\" title=\"\u00f8;\" aria-label=\"\u00f8;\" class=\"lazyload img-responsive wp-image-24445\" srcset=\"data:image\/svg+xml,%3Csvg%20xmlns%3D%27http%3A%2F%2Fwww.w3.org%2F2000%2Fsvg%27%20width%3D%27800%27%20height%3D%27600%27%20viewBox%3D%270%200%20800%20600%27%3E%3Crect%20width%3D%27800%27%20height%3D%27600%27%20fill-opacity%3D%220%22%2F%3E%3C%2Fsvg%3E\" data-srcset=\"https:\/\/www.camp4.de\/blog\/wp-content\/uploads\/2019\/10\/20150521_150420-200x150.jpg 200w, https:\/\/www.camp4.de\/blog\/wp-content\/uploads\/2019\/10\/20150521_150420-400x300.jpg 400w, https:\/\/www.camp4.de\/blog\/wp-content\/uploads\/2019\/10\/20150521_150420-600x450.jpg 600w, https:\/\/www.camp4.de\/blog\/wp-content\/uploads\/2019\/10\/20150521_150420.jpg 800w\" data-sizes=\"auto\" data-orig-sizes=\"(min-width: 2200px) 100vw, (min-width: 784px) 397px, (min-width: 712px) 595px, (min-width: 640px) 712px, \" \/><\/a><\/div><\/div><div class=\"clearfix\"><\/div><div style=\"padding:5px;\" class=\"fusion-grid-column fusion-gallery-column fusion-gallery-column-3 hover-type-zoomin\"><div class=\"fusion-gallery-image\"><a href=\"https:\/\/www.camp4.de\/blog\/wp-content\/uploads\/2019\/10\/abendroutine-im-zelt.jpg\" rel=\"noreferrer\" data-rel=\"iLightbox[gallery_image_1]\" class=\"fusion-lightbox\" target=\"_self\"><img decoding=\"async\" src=\"https:\/\/www.camp4.de\/blog\/wp-content\/uploads\/2019\/10\/abendroutine-im-zelt.jpg\" data-orig-src=\"https:\/\/www.camp4.de\/blog\/wp-content\/uploads\/2019\/10\/abendroutine-im-zelt.jpg\" width=\"800\" height=\"600\" alt=\"\" title=\"DCIM100MEDIA\" aria-label=\"DCIM100MEDIA\" class=\"lazyload img-responsive wp-image-24446\" srcset=\"data:image\/svg+xml,%3Csvg%20xmlns%3D%27http%3A%2F%2Fwww.w3.org%2F2000%2Fsvg%27%20width%3D%27800%27%20height%3D%27600%27%20viewBox%3D%270%200%20800%20600%27%3E%3Crect%20width%3D%27800%27%20height%3D%27600%27%20fill-opacity%3D%220%22%2F%3E%3C%2Fsvg%3E\" data-srcset=\"https:\/\/www.camp4.de\/blog\/wp-content\/uploads\/2019\/10\/abendroutine-im-zelt-200x150.jpg 200w, https:\/\/www.camp4.de\/blog\/wp-content\/uploads\/2019\/10\/abendroutine-im-zelt-400x300.jpg 400w, https:\/\/www.camp4.de\/blog\/wp-content\/uploads\/2019\/10\/abendroutine-im-zelt-600x450.jpg 600w, https:\/\/www.camp4.de\/blog\/wp-content\/uploads\/2019\/10\/abendroutine-im-zelt.jpg 800w\" data-sizes=\"auto\" data-orig-sizes=\"(min-width: 2200px) 100vw, (min-width: 784px) 397px, (min-width: 712px) 595px, (min-width: 640px) 712px, \" \/><\/a><\/div><\/div><div style=\"padding:5px;\" class=\"fusion-grid-column fusion-gallery-column fusion-gallery-column-3 hover-type-zoomin\"><div class=\"fusion-gallery-image\"><a href=\"https:\/\/www.camp4.de\/blog\/wp-content\/uploads\/2019\/10\/abfahrt-nach-lom-02.jpg\" rel=\"noreferrer\" data-rel=\"iLightbox[gallery_image_1]\" class=\"fusion-lightbox\" target=\"_self\"><img decoding=\"async\" src=\"https:\/\/www.camp4.de\/blog\/wp-content\/uploads\/2019\/10\/abfahrt-nach-lom-02.jpg\" data-orig-src=\"https:\/\/www.camp4.de\/blog\/wp-content\/uploads\/2019\/10\/abfahrt-nach-lom-02.jpg\" width=\"800\" height=\"600\" alt=\"\" title=\"\u00f8;\" aria-label=\"\u00f8;\" class=\"lazyload img-responsive wp-image-24447\" srcset=\"data:image\/svg+xml,%3Csvg%20xmlns%3D%27http%3A%2F%2Fwww.w3.org%2F2000%2Fsvg%27%20width%3D%27800%27%20height%3D%27600%27%20viewBox%3D%270%200%20800%20600%27%3E%3Crect%20width%3D%27800%27%20height%3D%27600%27%20fill-opacity%3D%220%22%2F%3E%3C%2Fsvg%3E\" data-srcset=\"https:\/\/www.camp4.de\/blog\/wp-content\/uploads\/2019\/10\/abfahrt-nach-lom-02-200x150.jpg 200w, https:\/\/www.camp4.de\/blog\/wp-content\/uploads\/2019\/10\/abfahrt-nach-lom-02-400x300.jpg 400w, https:\/\/www.camp4.de\/blog\/wp-content\/uploads\/2019\/10\/abfahrt-nach-lom-02-600x450.jpg 600w, https:\/\/www.camp4.de\/blog\/wp-content\/uploads\/2019\/10\/abfahrt-nach-lom-02.jpg 800w\" data-sizes=\"auto\" data-orig-sizes=\"(min-width: 2200px) 100vw, (min-width: 784px) 397px, (min-width: 712px) 595px, (min-width: 640px) 712px, \" \/><\/a><\/div><\/div><div style=\"padding:5px;\" class=\"fusion-grid-column fusion-gallery-column fusion-gallery-column-3 hover-type-zoomin\"><div class=\"fusion-gallery-image\"><a href=\"https:\/\/www.camp4.de\/blog\/wp-content\/uploads\/2019\/10\/abfahrt-nach-lom.jpg\" rel=\"noreferrer\" data-rel=\"iLightbox[gallery_image_1]\" class=\"fusion-lightbox\" target=\"_self\"><img decoding=\"async\" src=\"https:\/\/www.camp4.de\/blog\/wp-content\/uploads\/2019\/10\/abfahrt-nach-lom.jpg\" data-orig-src=\"https:\/\/www.camp4.de\/blog\/wp-content\/uploads\/2019\/10\/abfahrt-nach-lom.jpg\" width=\"800\" height=\"600\" alt=\"\" title=\"DCIM100MEDIA\" aria-label=\"DCIM100MEDIA\" class=\"lazyload img-responsive wp-image-24448\" srcset=\"data:image\/svg+xml,%3Csvg%20xmlns%3D%27http%3A%2F%2Fwww.w3.org%2F2000%2Fsvg%27%20width%3D%27800%27%20height%3D%27600%27%20viewBox%3D%270%200%20800%20600%27%3E%3Crect%20width%3D%27800%27%20height%3D%27600%27%20fill-opacity%3D%220%22%2F%3E%3C%2Fsvg%3E\" data-srcset=\"https:\/\/www.camp4.de\/blog\/wp-content\/uploads\/2019\/10\/abfahrt-nach-lom-200x150.jpg 200w, https:\/\/www.camp4.de\/blog\/wp-content\/uploads\/2019\/10\/abfahrt-nach-lom-400x300.jpg 400w, https:\/\/www.camp4.de\/blog\/wp-content\/uploads\/2019\/10\/abfahrt-nach-lom-600x450.jpg 600w, https:\/\/www.camp4.de\/blog\/wp-content\/uploads\/2019\/10\/abfahrt-nach-lom.jpg 800w\" data-sizes=\"auto\" data-orig-sizes=\"(min-width: 2200px) 100vw, (min-width: 784px) 397px, (min-width: 712px) 595px, (min-width: 640px) 712px, \" \/><\/a><\/div><\/div><div class=\"clearfix\"><\/div><div style=\"padding:5px;\" class=\"fusion-grid-column fusion-gallery-column fusion-gallery-column-3 hover-type-zoomin\"><div class=\"fusion-gallery-image\"><a href=\"https:\/\/www.camp4.de\/blog\/wp-content\/uploads\/2019\/10\/adlerstrasse.jpg\" rel=\"noreferrer\" data-rel=\"iLightbox[gallery_image_1]\" class=\"fusion-lightbox\" target=\"_self\"><img decoding=\"async\" src=\"https:\/\/www.camp4.de\/blog\/wp-content\/uploads\/2019\/10\/adlerstrasse.jpg\" data-orig-src=\"https:\/\/www.camp4.de\/blog\/wp-content\/uploads\/2019\/10\/adlerstrasse.jpg\" width=\"800\" height=\"600\" alt=\"\" title=\"\u00f8;\" aria-label=\"\u00f8;\" class=\"lazyload img-responsive wp-image-24449\" srcset=\"data:image\/svg+xml,%3Csvg%20xmlns%3D%27http%3A%2F%2Fwww.w3.org%2F2000%2Fsvg%27%20width%3D%27800%27%20height%3D%27600%27%20viewBox%3D%270%200%20800%20600%27%3E%3Crect%20width%3D%27800%27%20height%3D%27600%27%20fill-opacity%3D%220%22%2F%3E%3C%2Fsvg%3E\" data-srcset=\"https:\/\/www.camp4.de\/blog\/wp-content\/uploads\/2019\/10\/adlerstrasse-200x150.jpg 200w, https:\/\/www.camp4.de\/blog\/wp-content\/uploads\/2019\/10\/adlerstrasse-400x300.jpg 400w, https:\/\/www.camp4.de\/blog\/wp-content\/uploads\/2019\/10\/adlerstrasse-600x450.jpg 600w, https:\/\/www.camp4.de\/blog\/wp-content\/uploads\/2019\/10\/adlerstrasse.jpg 800w\" data-sizes=\"auto\" data-orig-sizes=\"(min-width: 2200px) 100vw, (min-width: 784px) 397px, (min-width: 712px) 595px, (min-width: 640px) 712px, \" \/><\/a><\/div><\/div><div style=\"padding:5px;\" class=\"fusion-grid-column fusion-gallery-column fusion-gallery-column-3 hover-type-zoomin\"><div class=\"fusion-gallery-image\"><a href=\"https:\/\/www.camp4.de\/blog\/wp-content\/uploads\/2019\/10\/anstieg-hinter-fortun.jpg\" rel=\"noreferrer\" data-rel=\"iLightbox[gallery_image_1]\" class=\"fusion-lightbox\" target=\"_self\"><img decoding=\"async\" src=\"https:\/\/www.camp4.de\/blog\/wp-content\/uploads\/2019\/10\/anstieg-hinter-fortun.jpg\" data-orig-src=\"https:\/\/www.camp4.de\/blog\/wp-content\/uploads\/2019\/10\/anstieg-hinter-fortun.jpg\" width=\"800\" height=\"600\" alt=\"\" title=\"\u00f8;\" aria-label=\"\u00f8;\" class=\"lazyload img-responsive wp-image-24450\" srcset=\"data:image\/svg+xml,%3Csvg%20xmlns%3D%27http%3A%2F%2Fwww.w3.org%2F2000%2Fsvg%27%20width%3D%27800%27%20height%3D%27600%27%20viewBox%3D%270%200%20800%20600%27%3E%3Crect%20width%3D%27800%27%20height%3D%27600%27%20fill-opacity%3D%220%22%2F%3E%3C%2Fsvg%3E\" data-srcset=\"https:\/\/www.camp4.de\/blog\/wp-content\/uploads\/2019\/10\/anstieg-hinter-fortun-200x150.jpg 200w, https:\/\/www.camp4.de\/blog\/wp-content\/uploads\/2019\/10\/anstieg-hinter-fortun-400x300.jpg 400w, https:\/\/www.camp4.de\/blog\/wp-content\/uploads\/2019\/10\/anstieg-hinter-fortun-600x450.jpg 600w, https:\/\/www.camp4.de\/blog\/wp-content\/uploads\/2019\/10\/anstieg-hinter-fortun.jpg 800w\" data-sizes=\"auto\" data-orig-sizes=\"(min-width: 2200px) 100vw, (min-width: 784px) 397px, (min-width: 712px) 595px, (min-width: 640px) 712px, \" \/><\/a><\/div><\/div><div style=\"padding:5px;\" class=\"fusion-grid-column fusion-gallery-column fusion-gallery-column-3 hover-type-zoomin\"><div class=\"fusion-gallery-image\"><a href=\"https:\/\/www.camp4.de\/blog\/wp-content\/uploads\/2019\/10\/anstieg-hinter-fortung-02.jpg\" rel=\"noreferrer\" data-rel=\"iLightbox[gallery_image_1]\" class=\"fusion-lightbox\" target=\"_self\"><img decoding=\"async\" src=\"https:\/\/www.camp4.de\/blog\/wp-content\/uploads\/2019\/10\/anstieg-hinter-fortung-02.jpg\" data-orig-src=\"https:\/\/www.camp4.de\/blog\/wp-content\/uploads\/2019\/10\/anstieg-hinter-fortung-02.jpg\" width=\"800\" height=\"600\" alt=\"\" title=\"DCIM100MEDIA\" aria-label=\"DCIM100MEDIA\" class=\"lazyload img-responsive wp-image-24451\" srcset=\"data:image\/svg+xml,%3Csvg%20xmlns%3D%27http%3A%2F%2Fwww.w3.org%2F2000%2Fsvg%27%20width%3D%27800%27%20height%3D%27600%27%20viewBox%3D%270%200%20800%20600%27%3E%3Crect%20width%3D%27800%27%20height%3D%27600%27%20fill-opacity%3D%220%22%2F%3E%3C%2Fsvg%3E\" data-srcset=\"https:\/\/www.camp4.de\/blog\/wp-content\/uploads\/2019\/10\/anstieg-hinter-fortung-02-200x150.jpg 200w, https:\/\/www.camp4.de\/blog\/wp-content\/uploads\/2019\/10\/anstieg-hinter-fortung-02-400x300.jpg 400w, https:\/\/www.camp4.de\/blog\/wp-content\/uploads\/2019\/10\/anstieg-hinter-fortung-02-600x450.jpg 600w, https:\/\/www.camp4.de\/blog\/wp-content\/uploads\/2019\/10\/anstieg-hinter-fortung-02.jpg 800w\" data-sizes=\"auto\" data-orig-sizes=\"(min-width: 2200px) 100vw, (min-width: 784px) 397px, (min-width: 712px) 595px, (min-width: 640px) 712px, \" \/><\/a><\/div><\/div><div class=\"clearfix\"><\/div><div style=\"padding:5px;\" class=\"fusion-grid-column fusion-gallery-column fusion-gallery-column-3 hover-type-zoomin\"><div class=\"fusion-gallery-image\"><a href=\"https:\/\/www.camp4.de\/blog\/wp-content\/uploads\/2019\/10\/campspot-fortun.jpg\" rel=\"noreferrer\" data-rel=\"iLightbox[gallery_image_1]\" class=\"fusion-lightbox\" target=\"_self\"><img decoding=\"async\" src=\"https:\/\/www.camp4.de\/blog\/wp-content\/uploads\/2019\/10\/campspot-fortun.jpg\" data-orig-src=\"https:\/\/www.camp4.de\/blog\/wp-content\/uploads\/2019\/10\/campspot-fortun.jpg\" width=\"800\" height=\"600\" alt=\"\" title=\"DCIM100MEDIA\" aria-label=\"DCIM100MEDIA\" class=\"lazyload img-responsive wp-image-24452\" srcset=\"data:image\/svg+xml,%3Csvg%20xmlns%3D%27http%3A%2F%2Fwww.w3.org%2F2000%2Fsvg%27%20width%3D%27800%27%20height%3D%27600%27%20viewBox%3D%270%200%20800%20600%27%3E%3Crect%20width%3D%27800%27%20height%3D%27600%27%20fill-opacity%3D%220%22%2F%3E%3C%2Fsvg%3E\" data-srcset=\"https:\/\/www.camp4.de\/blog\/wp-content\/uploads\/2019\/10\/campspot-fortun-200x150.jpg 200w, https:\/\/www.camp4.de\/blog\/wp-content\/uploads\/2019\/10\/campspot-fortun-400x300.jpg 400w, https:\/\/www.camp4.de\/blog\/wp-content\/uploads\/2019\/10\/campspot-fortun-600x450.jpg 600w, https:\/\/www.camp4.de\/blog\/wp-content\/uploads\/2019\/10\/campspot-fortun.jpg 800w\" data-sizes=\"auto\" data-orig-sizes=\"(min-width: 2200px) 100vw, (min-width: 784px) 397px, (min-width: 712px) 595px, (min-width: 640px) 712px, \" \/><\/a><\/div><\/div><div style=\"padding:5px;\" class=\"fusion-grid-column fusion-gallery-column fusion-gallery-column-3 hover-type-zoomin\"><div class=\"fusion-gallery-image\"><a href=\"https:\/\/www.camp4.de\/blog\/wp-content\/uploads\/2019\/10\/geirangerfjord.jpg\" rel=\"noreferrer\" data-rel=\"iLightbox[gallery_image_1]\" class=\"fusion-lightbox\" target=\"_self\"><img decoding=\"async\" src=\"https:\/\/www.camp4.de\/blog\/wp-content\/uploads\/2019\/10\/geirangerfjord.jpg\" data-orig-src=\"https:\/\/www.camp4.de\/blog\/wp-content\/uploads\/2019\/10\/geirangerfjord.jpg\" width=\"800\" height=\"600\" alt=\"\" title=\"DCIM100MEDIA\" aria-label=\"DCIM100MEDIA\" class=\"lazyload img-responsive wp-image-24453\" srcset=\"data:image\/svg+xml,%3Csvg%20xmlns%3D%27http%3A%2F%2Fwww.w3.org%2F2000%2Fsvg%27%20width%3D%27800%27%20height%3D%27600%27%20viewBox%3D%270%200%20800%20600%27%3E%3Crect%20width%3D%27800%27%20height%3D%27600%27%20fill-opacity%3D%220%22%2F%3E%3C%2Fsvg%3E\" data-srcset=\"https:\/\/www.camp4.de\/blog\/wp-content\/uploads\/2019\/10\/geirangerfjord-200x150.jpg 200w, https:\/\/www.camp4.de\/blog\/wp-content\/uploads\/2019\/10\/geirangerfjord-400x300.jpg 400w, https:\/\/www.camp4.de\/blog\/wp-content\/uploads\/2019\/10\/geirangerfjord-600x450.jpg 600w, https:\/\/www.camp4.de\/blog\/wp-content\/uploads\/2019\/10\/geirangerfjord.jpg 800w\" data-sizes=\"auto\" data-orig-sizes=\"(min-width: 2200px) 100vw, (min-width: 784px) 397px, (min-width: 712px) 595px, (min-width: 640px) 712px, \" \/><\/a><\/div><\/div><div style=\"padding:5px;\" class=\"fusion-grid-column fusion-gallery-column fusion-gallery-column-3 hover-type-zoomin\"><div class=\"fusion-gallery-image\"><a href=\"https:\/\/www.camp4.de\/blog\/wp-content\/uploads\/2019\/10\/kaffee-pause.jpg\" rel=\"noreferrer\" data-rel=\"iLightbox[gallery_image_1]\" class=\"fusion-lightbox\" target=\"_self\"><img decoding=\"async\" src=\"https:\/\/www.camp4.de\/blog\/wp-content\/uploads\/2019\/10\/kaffee-pause.jpg\" data-orig-src=\"https:\/\/www.camp4.de\/blog\/wp-content\/uploads\/2019\/10\/kaffee-pause.jpg\" width=\"800\" height=\"600\" alt=\"\" title=\"\u00f8;\" aria-label=\"\u00f8;\" class=\"lazyload img-responsive wp-image-24454\" srcset=\"data:image\/svg+xml,%3Csvg%20xmlns%3D%27http%3A%2F%2Fwww.w3.org%2F2000%2Fsvg%27%20width%3D%27800%27%20height%3D%27600%27%20viewBox%3D%270%200%20800%20600%27%3E%3Crect%20width%3D%27800%27%20height%3D%27600%27%20fill-opacity%3D%220%22%2F%3E%3C%2Fsvg%3E\" data-srcset=\"https:\/\/www.camp4.de\/blog\/wp-content\/uploads\/2019\/10\/kaffee-pause-200x150.jpg 200w, https:\/\/www.camp4.de\/blog\/wp-content\/uploads\/2019\/10\/kaffee-pause-400x300.jpg 400w, https:\/\/www.camp4.de\/blog\/wp-content\/uploads\/2019\/10\/kaffee-pause-600x450.jpg 600w, https:\/\/www.camp4.de\/blog\/wp-content\/uploads\/2019\/10\/kaffee-pause.jpg 800w\" data-sizes=\"auto\" data-orig-sizes=\"(min-width: 2200px) 100vw, (min-width: 784px) 397px, (min-width: 712px) 595px, (min-width: 640px) 712px, \" \/><\/a><\/div><\/div><div class=\"clearfix\"><\/div><div style=\"padding:5px;\" class=\"fusion-grid-column fusion-gallery-column fusion-gallery-column-3 hover-type-zoomin\"><div class=\"fusion-gallery-image\"><a href=\"https:\/\/www.camp4.de\/blog\/wp-content\/uploads\/2019\/10\/laerdal.jpg\" rel=\"noreferrer\" data-rel=\"iLightbox[gallery_image_1]\" class=\"fusion-lightbox\" target=\"_self\"><img decoding=\"async\" src=\"https:\/\/www.camp4.de\/blog\/wp-content\/uploads\/2019\/10\/laerdal.jpg\" data-orig-src=\"https:\/\/www.camp4.de\/blog\/wp-content\/uploads\/2019\/10\/laerdal.jpg\" width=\"800\" height=\"600\" alt=\"\" title=\"DCIM100MEDIA\" aria-label=\"DCIM100MEDIA\" class=\"lazyload img-responsive wp-image-24455\" srcset=\"data:image\/svg+xml,%3Csvg%20xmlns%3D%27http%3A%2F%2Fwww.w3.org%2F2000%2Fsvg%27%20width%3D%27800%27%20height%3D%27600%27%20viewBox%3D%270%200%20800%20600%27%3E%3Crect%20width%3D%27800%27%20height%3D%27600%27%20fill-opacity%3D%220%22%2F%3E%3C%2Fsvg%3E\" data-srcset=\"https:\/\/www.camp4.de\/blog\/wp-content\/uploads\/2019\/10\/laerdal-200x150.jpg 200w, https:\/\/www.camp4.de\/blog\/wp-content\/uploads\/2019\/10\/laerdal-400x300.jpg 400w, https:\/\/www.camp4.de\/blog\/wp-content\/uploads\/2019\/10\/laerdal-600x450.jpg 600w, https:\/\/www.camp4.de\/blog\/wp-content\/uploads\/2019\/10\/laerdal.jpg 800w\" data-sizes=\"auto\" data-orig-sizes=\"(min-width: 2200px) 100vw, (min-width: 784px) 397px, (min-width: 712px) 595px, (min-width: 640px) 712px, \" \/><\/a><\/div><\/div><div style=\"padding:5px;\" class=\"fusion-grid-column fusion-gallery-column fusion-gallery-column-3 hover-type-zoomin\"><div class=\"fusion-gallery-image\"><a href=\"https:\/\/www.camp4.de\/blog\/wp-content\/uploads\/2019\/10\/nach-fortun.jpg\" rel=\"noreferrer\" data-rel=\"iLightbox[gallery_image_1]\" class=\"fusion-lightbox\" target=\"_self\"><img decoding=\"async\" src=\"https:\/\/www.camp4.de\/blog\/wp-content\/uploads\/2019\/10\/nach-fortun.jpg\" data-orig-src=\"https:\/\/www.camp4.de\/blog\/wp-content\/uploads\/2019\/10\/nach-fortun.jpg\" width=\"800\" height=\"600\" alt=\"\" title=\"DCIM100MEDIA\" aria-label=\"DCIM100MEDIA\" class=\"lazyload img-responsive wp-image-24456\" srcset=\"data:image\/svg+xml,%3Csvg%20xmlns%3D%27http%3A%2F%2Fwww.w3.org%2F2000%2Fsvg%27%20width%3D%27800%27%20height%3D%27600%27%20viewBox%3D%270%200%20800%20600%27%3E%3Crect%20width%3D%27800%27%20height%3D%27600%27%20fill-opacity%3D%220%22%2F%3E%3C%2Fsvg%3E\" data-srcset=\"https:\/\/www.camp4.de\/blog\/wp-content\/uploads\/2019\/10\/nach-fortun-200x150.jpg 200w, https:\/\/www.camp4.de\/blog\/wp-content\/uploads\/2019\/10\/nach-fortun-400x300.jpg 400w, https:\/\/www.camp4.de\/blog\/wp-content\/uploads\/2019\/10\/nach-fortun-600x450.jpg 600w, https:\/\/www.camp4.de\/blog\/wp-content\/uploads\/2019\/10\/nach-fortun.jpg 800w\" data-sizes=\"auto\" data-orig-sizes=\"(min-width: 2200px) 100vw, (min-width: 784px) 397px, (min-width: 712px) 595px, (min-width: 640px) 712px, \" \/><\/a><\/div><\/div><div style=\"padding:5px;\" class=\"fusion-grid-column fusion-gallery-column fusion-gallery-column-3 hover-type-zoomin\"><div class=\"fusion-gallery-image\"><a href=\"https:\/\/www.camp4.de\/blog\/wp-content\/uploads\/2019\/10\/sognefjord.jpg\" rel=\"noreferrer\" data-rel=\"iLightbox[gallery_image_1]\" class=\"fusion-lightbox\" target=\"_self\"><img decoding=\"async\" src=\"https:\/\/www.camp4.de\/blog\/wp-content\/uploads\/2019\/10\/sognefjord.jpg\" data-orig-src=\"https:\/\/www.camp4.de\/blog\/wp-content\/uploads\/2019\/10\/sognefjord.jpg\" width=\"800\" height=\"600\" alt=\"\" title=\"DCIM100MEDIA\" aria-label=\"DCIM100MEDIA\" class=\"lazyload img-responsive wp-image-24457\" srcset=\"data:image\/svg+xml,%3Csvg%20xmlns%3D%27http%3A%2F%2Fwww.w3.org%2F2000%2Fsvg%27%20width%3D%27800%27%20height%3D%27600%27%20viewBox%3D%270%200%20800%20600%27%3E%3Crect%20width%3D%27800%27%20height%3D%27600%27%20fill-opacity%3D%220%22%2F%3E%3C%2Fsvg%3E\" data-srcset=\"https:\/\/www.camp4.de\/blog\/wp-content\/uploads\/2019\/10\/sognefjord-200x150.jpg 200w, https:\/\/www.camp4.de\/blog\/wp-content\/uploads\/2019\/10\/sognefjord-400x300.jpg 400w, https:\/\/www.camp4.de\/blog\/wp-content\/uploads\/2019\/10\/sognefjord-600x450.jpg 600w, https:\/\/www.camp4.de\/blog\/wp-content\/uploads\/2019\/10\/sognefjord.jpg 800w\" data-sizes=\"auto\" data-orig-sizes=\"(min-width: 2200px) 100vw, (min-width: 784px) 397px, (min-width: 712px) 595px, (min-width: 640px) 712px, \" \/><\/a><\/div><\/div><div class=\"clearfix\"><\/div><div style=\"padding:5px;\" class=\"fusion-grid-column fusion-gallery-column fusion-gallery-column-3 hover-type-zoomin\"><div class=\"fusion-gallery-image\"><a href=\"https:\/\/www.camp4.de\/blog\/wp-content\/uploads\/2019\/10\/trollstigen.jpg\" rel=\"noreferrer\" data-rel=\"iLightbox[gallery_image_1]\" class=\"fusion-lightbox\" target=\"_self\"><img decoding=\"async\" src=\"https:\/\/www.camp4.de\/blog\/wp-content\/uploads\/2019\/10\/trollstigen.jpg\" data-orig-src=\"https:\/\/www.camp4.de\/blog\/wp-content\/uploads\/2019\/10\/trollstigen.jpg\" width=\"800\" height=\"600\" alt=\"\" title=\"\u00f8;\" aria-label=\"\u00f8;\" class=\"lazyload img-responsive wp-image-24458\" srcset=\"data:image\/svg+xml,%3Csvg%20xmlns%3D%27http%3A%2F%2Fwww.w3.org%2F2000%2Fsvg%27%20width%3D%27800%27%20height%3D%27600%27%20viewBox%3D%270%200%20800%20600%27%3E%3Crect%20width%3D%27800%27%20height%3D%27600%27%20fill-opacity%3D%220%22%2F%3E%3C%2Fsvg%3E\" data-srcset=\"https:\/\/www.camp4.de\/blog\/wp-content\/uploads\/2019\/10\/trollstigen-200x150.jpg 200w, https:\/\/www.camp4.de\/blog\/wp-content\/uploads\/2019\/10\/trollstigen-400x300.jpg 400w, https:\/\/www.camp4.de\/blog\/wp-content\/uploads\/2019\/10\/trollstigen-600x450.jpg 600w, https:\/\/www.camp4.de\/blog\/wp-content\/uploads\/2019\/10\/trollstigen.jpg 800w\" data-sizes=\"auto\" data-orig-sizes=\"(min-width: 2200px) 100vw, (min-width: 784px) 397px, (min-width: 712px) 595px, (min-width: 640px) 712px, \" \/><\/a><\/div><\/div><div style=\"padding:5px;\" class=\"fusion-grid-column fusion-gallery-column fusion-gallery-column-3 hover-type-zoomin\"><div class=\"fusion-gallery-image\"><a href=\"https:\/\/www.camp4.de\/blog\/wp-content\/uploads\/2016\/03\/Campspot-FortunSLIDER.jpg\" rel=\"noreferrer\" data-rel=\"iLightbox[gallery_image_1]\" class=\"fusion-lightbox\" target=\"_self\"><img decoding=\"async\" src=\"data:image\/svg+xml,%3Csvg%20xmlns%3D%27http%3A%2F%2Fwww.w3.org%2F2000%2Fsvg%27%20width%3D%27900%27%20height%3D%27360%27%20viewBox%3D%270%200%20900%20360%27%3E%3Crect%20width%3D%27900%27%20height%3D%27360%27%20fill-opacity%3D%220%22%2F%3E%3C%2Fsvg%3E\" data-orig-src=\"https:\/\/www.camp4.de\/blog\/wp-content\/uploads\/2016\/03\/Campspot-FortunSLIDER.jpg\" width=\"900\" height=\"360\" alt=\"\" title=\"DCIM100MEDIA\" aria-label=\"DCIM100MEDIA\" class=\"lazyload img-responsive wp-image-12776\"  \/><\/a><\/div><\/div><\/div><\/div><\/div><\/div><\/div><\/div>\n","protected":false},"excerpt":{"rendered":"<p>Drei Monate auf dem Rad durch Deutschland, D\u00e4nemark, Schweden, Norwegen und Finnland sind die Pl\u00e4ne, die Simon Rudolf hegt. Er [&hellip;]<\/p>\n","protected":false},"author":177,"featured_media":12776,"comment_status":"open","ping_status":"closed","sticky":false,"template":"","format":"standard","meta":{"_jetpack_newsletter_access":"","_jetpack_dont_email_post_to_subs":false,"_jetpack_newsletter_tier_id":0,"_jetpack_memberships_contains_paywalled_content":false,"_jetpack_memberships_contains_paid_content":false,"footnotes":""},"categories":[13,197,5],"tags":[2271,2279,232,2272,2337,2335,1777,2336,2263,1805,125,33,2261,2338],"class_list":["post-12774","post","type-post","status-publish","format-standard","has-post-thumbnail","hentry","category-europa-gus-staaten","category-norwegen","category-reiseberichte","tag-danemark","tag-deutschland","tag-fahrradtour","tag-finnland","tag-hoechste-passstrasse-norwegens","tag-lulea","tag-mehrtagesradtour","tag-nordschweden","tag-norwegen","tag-radreise","tag-radtour","tag-reisebericht","tag-schweden","tag-sognefjellsveien"],"geo":null,"jetpack_featured_media_url":"https:\/\/www.camp4.de\/blog\/wp-content\/uploads\/2016\/03\/Campspot-FortunSLIDER.jpg","jetpack_shortlink":"https:\/\/wp.me\/p4csa8-3k2","jetpack_sharing_enabled":true,"_links":{"self":[{"href":"https:\/\/www.camp4.de\/blog\/wp-json\/wp\/v2\/posts\/12774","targetHints":{"allow":["GET"]}}],"collection":[{"href":"https:\/\/www.camp4.de\/blog\/wp-json\/wp\/v2\/posts"}],"about":[{"href":"https:\/\/www.camp4.de\/blog\/wp-json\/wp\/v2\/types\/post"}],"author":[{"embeddable":true,"href":"https:\/\/www.camp4.de\/blog\/wp-json\/wp\/v2\/users\/177"}],"replies":[{"embeddable":true,"href":"https:\/\/www.camp4.de\/blog\/wp-json\/wp\/v2\/comments?post=12774"}],"version-history":[{"count":16,"href":"https:\/\/www.camp4.de\/blog\/wp-json\/wp\/v2\/posts\/12774\/revisions"}],"predecessor-version":[{"id":30313,"href":"https:\/\/www.camp4.de\/blog\/wp-json\/wp\/v2\/posts\/12774\/revisions\/30313"}],"wp:featuredmedia":[{"embeddable":true,"href":"https:\/\/www.camp4.de\/blog\/wp-json\/wp\/v2\/media\/12776"}],"wp:attachment":[{"href":"https:\/\/www.camp4.de\/blog\/wp-json\/wp\/v2\/media?parent=12774"}],"wp:term":[{"taxonomy":"category","embeddable":true,"href":"https:\/\/www.camp4.de\/blog\/wp-json\/wp\/v2\/categories?post=12774"},{"taxonomy":"post_tag","embeddable":true,"href":"https:\/\/www.camp4.de\/blog\/wp-json\/wp\/v2\/tags?post=12774"}],"curies":[{"name":"wp","href":"https:\/\/api.w.org\/{rel}","templated":true}]}}